{"id":7146,"date":"2023-10-17T11:00:54","date_gmt":"2023-10-17T09:00:54","guid":{"rendered":"https:\/\/tg-schierstein.de\/?p=7146"},"modified":"2023-10-17T11:11:09","modified_gmt":"2023-10-17T09:11:09","slug":"leichtathletik-vereinsmeisterschaften-2023","status":"publish","type":"post","link":"https:\/\/tg-schierstein.de\/?p=7146","title":{"rendered":"Leichtathletik | Vereinsmeisterschaften 2023"},"content":{"rendered":"<p><strong>Ein Sportfest f\u00fcr die Kinder<\/strong><\/p>\n<p>Die diesj\u00e4hrigen Vereinsmeisterschaften am 23.09.2023 fielen genau auf den Herbstanfang. Das Wetter verhielt, wie es sich an den Vereinsmeisterschaften geh\u00f6rt, aber sommerlich.<\/p>\n<p>Nachdem alle mehr oder weniger p\u00fcnktlich auf dem Sportplatz erschienen sind wurde sich noch schnell mit Saskia und Fabian aufgew\u00e4rmt, die Riegen eingeteilt und schon konnten die Wettk\u00e4mpfe beginnen.<\/p>\n<p>Auf dem ganzen Sportplatz herrschte sogleich reger Betrieb. Mit Eifer waren die Kinder bei der Sache, versuchten doch alle ihr Bestes zu geben. Von den Kampfrichtern wurde zum wohl der Kinder, manchmal ein Auge zugedr\u00fcckt. Wir wollen alle an diesem Tag unseren Spa\u00df haben.<\/p>\n<p>Nach knapp 2 Stunden spannender Wettk\u00e4mpfe konnten sich die Kinder erst einmal an der Kuchentheke st\u00e4rken. W\u00e4hrend dieser Zeit war ich mit der Auswertung der einzelnen Wettk\u00e4mpfe besch\u00e4ftigt. Dadurch dass man im Vorfeld schon viel Vorarbeit geleistet hatte dauerte es auch nicht lange bis zur Siegerehrung.<\/p>\n<p>Noch bevor das letzte St\u00fcck Kuchen verspeist war, konnte schon der erste Sieger gek\u00fcrt werden. Von nun an ging es mit der Siegerehrung Schlag auf Schlag. Ratzfatz war auch schon der letzte Wettkampf an der Reihe.<\/p>\n<p>Ich m\u00f6chte hier ein Lob an alle Anwesenden loswerden. Es hat mir sehr gut gefallen, dass Ihr alle bis zur letzten Ehrung geblieben seid. Leider ist die heutzutage nicht mehr Selbstverst\u00e4ndlich dass man bis zur letzten Ehrung bleibt. F\u00fcr die Kinder ist es immer traurig, wenn nach jeder Ehrung sich die Trib\u00fcnen weiter leeren und zum Schluss nur noch ganz wenige (eigenen Eltern) auf der Trib\u00fcne sitzen.<\/p>\n<p>Ich m\u00f6chte mich hiermit auch bei allen Eltern welche als Kampfrichter zum Gelingen des Sportfestes beigetragen haben, sowie dem bew\u00e4hrten Team im Verkaufsstand bedanken. Ebenso vielen Dank an die Hobbyb\u00e4cker f\u00fcr die leckeren Kuchen.<\/p>\n<p>Die Anmeldung \u00fcber die Homepage der TG hat sich auch in diesem Jahr bew\u00e4hrt, erleichtert es doch Arbeit des Wettkampfb\u00fcros und zeitliche Verz\u00f6gerungen k\u00f6nnen, bedingt durch zu viele Nachmeldungen vermieten werden.<\/p>\n<p>Noch eine Anmerkung in eigener Sache. Es w\u00e4re sch\u00f6n, wenn wie in fr\u00fcheren Jahren, nicht nur Kinder aus der Turn- und Leichtathletikabteilung, sondern auch aus anderen Abteilungen an den Vereinsmeisterschaften teilnehmen w\u00fcrden. Laufen, Werfen und Springen kann Jeder ohne \u00dcbung. Wir leben hier den olympischen Gedanken \u201eDabeisein ist alles\u201c<\/p>\n<p>Bis n\u00e4chstes Jahr zu den Vereinsmeisterschaften 2024<\/p>\n<p style=\"text-align: center;\"><a href=\"https:\/\/tg-schierstein.de\/?page_id=7150\"><strong>[ zur Bildergalerie ]<\/strong><\/a><\/p>\n<hr \/>\n<h3><strong>Ergebnisse<\/strong><\/h3>\n<p><strong><u>WK 15 &#8211; Leichtathletischer Dreikampf weiblich, Jahrgang 2019 <\/u><\/strong><\/p>\n<ol>\n<li><strong> Hanna Plominski 170 Punkte <\/strong><\/li>\n<\/ol>\n<p>30 m : 7,5 sec \/\/ Weit\/Zone : 1,31 m \/\/ Schlagball 80gr.:\u00a0 5,40 m<\/p>\n<p><strong><u>WK 16 &#8211; Leichtathletischer Dreikampf weiblich, Jahrgang 2018 <\/u><\/strong><\/p>\n<ol>\n<li><strong> Lotte B\u00e4hr 142 Punkte <\/strong><\/li>\n<\/ol>\n<p>30 m : 9,2 sec \/\/ Weit\/Zone : 1,46 m \/\/ Schlagball 80gr.:\u00a0 5,00 m<\/p>\n<ol start=\"2\">\n<li><strong> Pauline Leukel 140 Punkte <\/strong><\/li>\n<\/ol>\n<p>30 m : 9,0sec \/\/ Weit\/Zone : 1,34m \/\/ Schlagball 80gr.:\u00a0 5,00 m<\/p>\n<p><strong><u>WK 17 &#8211; Leichtathletischer Dreikampf weiblich, Jahrgang 2017 <\/u><\/strong><\/p>\n<ol>\n<li><strong> Lulia Haile 105 Punkte <\/strong><\/li>\n<\/ol>\n<p>50 m : 10,8 sec \/\/ Weit\/Zone : 2,21 m \/\/ Schlagball 80gr.:\u00a0 11,00 m<\/p>\n<ol start=\"2\">\n<li><strong> Luisa Plominski 100 Punkte <\/strong><\/li>\n<\/ol>\n<p>50 m : 10,8 sec \/\/ Weit\/Zone : 2,25 m \/\/ Schlagball 80gr.:\u00a0 8,00 m<\/p>\n<p><strong><u>WK 18 &#8211; Leichtathletischer Dreikampf weiblich, Jahrgang 2016 <\/u><\/strong><\/p>\n<ol>\n<li><strong> Malou van Waelfelghem 101 Punkte <\/strong><\/li>\n<\/ol>\n<p>50 m : 10,8 sec \/\/ Weit\/Zone : 2,37 m \/\/ Schlagball 80gr.:\u00a0 7,00 m<\/p>\n<ol start=\"2\">\n<li><strong> Eleni Papadopoulou 90 Punkte <\/strong><\/li>\n<\/ol>\n<p>50 m : 10,8 sec \/\/ Weit\/Zone : 1,96 m \/\/ Schlagball 80gr.:\u00a0 6,50 m<\/p>\n<p><strong><u>WK 9 &#8211; Leichtathletischer Dreikampf weiblich, Jahrgang 2015 <\/u><\/strong><\/p>\n<ol>\n<li><strong> Vivien Schellhardt 109 Punkte <\/strong><\/li>\n<\/ol>\n<p>50 m : 10,8 sec \/\/ Weit\/Zone : 2,49 m \/\/ Schlagball 80gr.:\u00a0 9,50 m<\/p>\n<ol>\n<li><strong> Sophia Saiadsardroud 109 Punkte <\/strong><\/li>\n<\/ol>\n<p>50 m : 10,4 sec \/\/ Weit\/Zone : 2,26 m \/\/ Schlagball 80gr.:\u00a0 8,50 m<\/p>\n<p><strong><u>WK 20 &#8211; Leichtathletischer Dreikampf weiblich, Jahrgang 2014 <\/u><\/strong><\/p>\n<ol>\n<li><strong> Penelope Spengler 135 Punkte <\/strong><\/li>\n<\/ol>\n<p>50 m : 9,8 sec \/\/ Weit\/Zone : 2,55 m \/\/ Schlagball 80gr.:\u00a0 12,50 m<\/p>\n<ol start=\"2\">\n<li><strong> Nina Germann 120 Punkte <\/strong><\/li>\n<\/ol>\n<p>50 m : 9,7 sec \/\/ Weit\/Zone : 2,30 m \/\/ Schlagball 80gr.:\u00a0 6,50 m<\/p>\n<ol start=\"3\">\n<li><strong> Ida Halm 96 Punkte <\/strong><\/li>\n<\/ol>\n<p>50 m : 10,9 sec \/\/ Weit\/Zone : 2,11 m \/\/ Schlagball 80gr.:\u00a0 10,00 m<\/p>\n<p><strong><u>WK 2 &#8211; Leichtathletischer Dreikampf m\u00e4nnlich, Jahrgang 2019<\/u><\/strong><\/p>\n<ol>\n<li><strong> Athanasios Papadopoulos 139 Punkte <\/strong><\/li>\n<\/ol>\n<p>30 m : 8,9 sec \/\/ Weit\/Zone : 1,23 m \/\/ Schlagball 80gr.: 4,80 m<\/p>\n<ol start=\"2\">\n<li><strong> Martin Beikert 87 Punkte <\/strong><\/li>\n<\/ol>\n<p>30 m : 10,6 sec \/\/ Weit\/Zone : 0,54 m \/\/ Schlagball 80gr.: 4,00 m <strong><u><br \/>\n<\/u><\/strong><\/p>\n<p><strong><u>WK 3 &#8211; Leichtathletischer Dreikampf m\u00e4nnlich, Jahrgang 2018<\/u><\/strong><\/p>\n<ol>\n<li><strong> Benjamin Hach 176 Punkte <\/strong><\/li>\n<\/ol>\n<p>30 m : 8,2 sec \/\/ Weit\/Zone : 1,68 m \/\/ Schlagball 80gr.: 5,40 m<\/p>\n<p><strong><u>WK 5 &#8211; Leichtathletischer Dreikampf m\u00e4nnlich, Jahrgang 2016<\/u><\/strong><\/p>\n<ol>\n<li><strong> Bo Halm 176 Punkte <\/strong><\/li>\n<\/ol>\n<p>50 m : 9,6 sec \/\/ Weit\/Zone : 3,04 m \/\/ Schlagball 80gr.: 24,00 m<\/p>\n<ol start=\"2\">\n<li><strong> David Beikert 132 Punkte <\/strong><\/li>\n<\/ol>\n<p>50 m : 10,4 sec \/\/ Weit\/Zone : 2,35 m \/\/ Schlagball 80gr.: 19,00 m<\/p>\n<p><strong><u>WK 6 &#8211; Leichtathletischer Dreikampf m\u00e4nnlich, Jahrgang 2015<\/u><\/strong><\/p>\n<ol>\n<li><strong> Frido Kurz 172 Punkte <\/strong><\/li>\n<\/ol>\n<p>50 m : 9,6 sec \/\/ Weit\/Zone : 2,66 m \/\/ Schlagball 80gr.: 27,00 m<\/p>\n<ol start=\"2\">\n<li><strong> Raphail Ioakim Latacz 155 Punkte <\/strong><\/li>\n<\/ol>\n<p>50 m : 9,4 sec \/\/ Weit\/Zone : 2,76 m \/\/ Schlagball 80gr.: 15,00 m<\/p>\n<ol start=\"3\">\n<li><strong> Leonidas Anastasios Latacz 151 Punkte <\/strong><\/li>\n<\/ol>\n<p>50 m : 9,5 sec \/\/ Weit\/Zone : 2,83 m \/\/ Schlagball 80gr.: 13,50 m<\/p>\n<p><strong><u>WK 8 &#8211; Leichtathletischer Dreikampf m\u00e4nnlich, Jahrgang 2013<\/u><\/strong><\/p>\n<ol>\n<li><strong> Fabian Jahnke 219 Punkte <\/strong><\/li>\n<\/ol>\n<p>50 m : 8,5 sec \/\/ Weit\/Zone : 3,67 m \/\/ Schlagball 80gr.: 27,00 m<\/p>\n<ol start=\"2\">\n<li><strong> Oscar vom Berge 186 Punkte <\/strong><\/li>\n<\/ol>\n<p>50 m : 8,6 sec \/\/ Weit\/Zone : 3,04 m \/\/ Schlagball 80gr.: 19,00 m<\/p>\n<ol start=\"3\">\n<li><strong> Frederik Verhalen 176 Punkte <\/strong><\/li>\n<\/ol>\n<p>50 m : 9,3 sec \/\/ Weit\/Zone : 3,06 m \/\/ Schlagball 80gr.: 21,00 m<\/p>\n<ol start=\"4\">\n<li><strong> Jonas Spengler 151 Punkte <\/strong><\/li>\n<\/ol>\n<p>50 m : 9,7 sec \/\/ Weit\/Zone : 2,53 m \/\/ Schlagball 80gr.: 20,00 m<\/p>\n<ol start=\"5\">\n<li><strong> Bastian Kretschmer 97 Punkte <\/strong><\/li>\n<\/ol>\n<p>50 m : 10,6 sec \/\/ Weit\/Zone : 1,87 m \/\/ Schlagball 80gr.: 7,50 m<\/p>\n","protected":false},"excerpt":{"rendered":"<p>Ein Sportfest f\u00fcr die Kinder Die diesj\u00e4hrigen Vereinsmeisterschaften am 23.09.2023 fielen genau auf den Herbstanfang. Das Wetter verhielt, wie es sich an den Vereinsmeisterschaften geh\u00f6rt, aber sommerlich. Nachdem alle mehr [&hellip;]<\/p>\n","protected":false},"author":10,"featured_media":7164,"comment_status":"closed","ping_status":"closed","sticky":false,"template":"","format":"standard","meta":{"_acf_changed":false,"footnotes":""},"categories":[22],"tags":[],"class_list":["post-7146","post","type-post","status-publish","format-standard","has-post-thumbnail","hentry","category-leichtathletik"],"acf":[],"publishpress_future_action":{"enabled":false,"date":"2026-05-06 22:41:49","action":"change-status","newStatus":"draft","terms":[],"taxonomy":"category","extraData":[]},"publishpress_future_workflow_manual_trigger":{"enabledWorkflows":[]},"_links":{"self":[{"href":"https:\/\/tg-schierstein.de\/index.php?rest_route=\/wp\/v2\/posts\/7146","targetHints":{"allow":["GET"]}}],"collection":[{"href":"https:\/\/tg-schierstein.de\/index.php?rest_route=\/wp\/v2\/posts"}],"about":[{"href":"https:\/\/tg-schierstein.de\/index.php?rest_route=\/wp\/v2\/types\/post"}],"author":[{"embeddable":true,"href":"https:\/\/tg-schierstein.de\/index.php?rest_route=\/wp\/v2\/users\/10"}],"replies":[{"embeddable":true,"href":"https:\/\/tg-schierstein.de\/index.php?rest_route=%2Fwp%2Fv2%2Fcomments&post=7146"}],"version-history":[{"count":0,"href":"https:\/\/tg-schierstein.de\/index.php?rest_route=\/wp\/v2\/posts\/7146\/revisions"}],"wp:featuredmedia":[{"embeddable":true,"href":"https:\/\/tg-schierstein.de\/index.php?rest_route=\/wp\/v2\/media\/7164"}],"wp:attachment":[{"href":"https:\/\/tg-schierstein.de\/index.php?rest_route=%2Fwp%2Fv2%2Fmedia&parent=7146"}],"wp:term":[{"taxonomy":"category","embeddable":true,"href":"https:\/\/tg-schierstein.de\/index.php?rest_route=%2Fwp%2Fv2%2Fcategories&post=7146"},{"taxonomy":"post_tag","embeddable":true,"href":"https:\/\/tg-schierstein.de\/index.php?rest_route=%2Fwp%2Fv2%2Ftags&post=7146"}],"curies":[{"name":"wp","href":"https:\/\/api.w.org\/{rel}","templated":true}]}}