{"id":6899,"date":"2023-09-24T13:00:09","date_gmt":"2023-09-24T11:00:09","guid":{"rendered":"https:\/\/tg-schierstein.de\/?p=6899"},"modified":"2023-09-27T14:02:38","modified_gmt":"2023-09-27T12:02:38","slug":"hsg-md2-tsg-muenster-ii-hsg-1848-2421-118","status":"publish","type":"post","link":"https:\/\/tg-schierstein.de\/?p=6899","title":{"rendered":"HSG-mD2 | TSG M\u00fcnster II \u2013 HSG 1848 24:21 (11:8)"},"content":{"rendered":"<div class=\"entry-content\">\n<p><strong>Gelungener Auftakt<\/strong><\/p>\n<p>Morgens halb zehn am Treffpunkt? Wo sind die Trikots? Oh noch zu Hause\u2026Wo sind 1\/3 der Mannschaft? Ach wir fahren doch selbst\u2026.Ist nicht um 11 Treffpunkt?\u2026.Ich dachte, bla bla\u2026.<\/p>\n<p>Keine guten Vorzeichen, zudem noch 2-3 gute Spieler fehlten\u2026.<\/p>\n<p>Aber wir waren pr\u00e4sent und spielten so wie wir das k\u00f6nnen, wenn wir konzentriert und mutig sind\u2026.Nach einigen Minuten f\u00fchrten wir auch verdient 1:3. Das Spiel wurde ausgeglichener und es ging hin und her. 8:8 kurz vor der Halbzeit und da waren sie die gef\u00fcrchteten Unkonzentriertheiten und leichten Fehler\u2026, 11:8 f\u00fcr M\u00fcnster zum Pausentee und kurz nach dem Wechsel sogar 14:9. Aber die Jungs gaben nicht auf. Sieben Minuten vor Schluss beim Stand von 21:16 begann unsere Aufholjagd. Und das mit dem Tor des Tages durch Felix, geiles Ding\u2026Ein Ruck ging durch die Mannschaft und man k\u00e4mpfte sich auf 22:20 heran. Doch der Gegner konnte das Spiel wieder an sich rei\u00dfen und gewann verdient.<\/p>\n<p>Wenn wir es schaffen unsere Fehler abzuschaffen (Abspielfehler, Chancenverwertung und richtiges stehen zum Angriffsspieler), dann w\u00e4re mehr drin gewesen. Auch das Torh\u00fcterduell ging an M\u00fcnster, hatte Mads diesmal nicht seinen besten Tag.<\/p>\n<p>Bis bald\u2026<\/p>\n<p><span style=\"text-decoration: underline;\">F\u00fcr die HSG spielten:<\/span><br \/>\nMads Schnierer (Tor), Arthur Kurz (7), Freddi Dre\u00dfler (), Adrian Post (4), Florian Hamann (3), Robert Weller (), Lenn Schumann (), Johannes Demirtas (), Luca Br\u00f6cker (), Felix Waschke(7)<\/p>\n<p><span style=\"text-decoration: underline;\">Es fehlten:<\/span> Philipp Freutel, Marlon Stiller, Ernest Zielinski, David Blum, Lenis Bilibani.<\/p>\n<p><span style=\"text-decoration: underline;\">Spieler des Tages:<\/span> Felix, starke Abwehrleistung und tolle Tore\u2026.<\/p>\n<\/div>\n","protected":false},"excerpt":{"rendered":"<p>Gelungener Auftakt Morgens halb zehn am Treffpunkt? Wo sind die Trikots? Oh noch zu Hause\u2026Wo sind 1\/3 der Mannschaft? Ach wir fahren doch selbst\u2026.Ist nicht um 11 Treffpunkt?\u2026.Ich dachte, bla [&hellip;]<\/p>\n","protected":false},"author":3,"featured_media":6903,"comment_status":"closed","ping_status":"closed","sticky":false,"template":"","format":"standard","meta":{"_acf_changed":false,"footnotes":""},"categories":[25],"tags":[],"class_list":["post-6899","post","type-post","status-publish","format-standard","has-post-thumbnail","hentry","category-handball"],"acf":[],"publishpress_future_action":{"enabled":false,"date":"2026-05-06 20:36:06","action":"change-status","newStatus":"draft","terms":[],"taxonomy":"category","extraData":[]},"publishpress_future_workflow_manual_trigger":{"enabledWorkflows":[]},"_links":{"self":[{"href":"https:\/\/tg-schierstein.de\/index.php?rest_route=\/wp\/v2\/posts\/6899","targetHints":{"allow":["GET"]}}],"collection":[{"href":"https:\/\/tg-schierstein.de\/index.php?rest_route=\/wp\/v2\/posts"}],"about":[{"href":"https:\/\/tg-schierstein.de\/index.php?rest_route=\/wp\/v2\/types\/post"}],"author":[{"embeddable":true,"href":"https:\/\/tg-schierstein.de\/index.php?rest_route=\/wp\/v2\/users\/3"}],"replies":[{"embeddable":true,"href":"https:\/\/tg-schierstein.de\/index.php?rest_route=%2Fwp%2Fv2%2Fcomments&post=6899"}],"version-history":[{"count":0,"href":"https:\/\/tg-schierstein.de\/index.php?rest_route=\/wp\/v2\/posts\/6899\/revisions"}],"wp:featuredmedia":[{"embeddable":true,"href":"https:\/\/tg-schierstein.de\/index.php?rest_route=\/wp\/v2\/media\/6903"}],"wp:attachment":[{"href":"https:\/\/tg-schierstein.de\/index.php?rest_route=%2Fwp%2Fv2%2Fmedia&parent=6899"}],"wp:term":[{"taxonomy":"category","embeddable":true,"href":"https:\/\/tg-schierstein.de\/index.php?rest_route=%2Fwp%2Fv2%2Fcategories&post=6899"},{"taxonomy":"post_tag","embeddable":true,"href":"https:\/\/tg-schierstein.de\/index.php?rest_route=%2Fwp%2Fv2%2Ftags&post=6899"}],"curies":[{"name":"wp","href":"https:\/\/api.w.org\/{rel}","templated":true}]}}