{"id":6878,"date":"2023-09-22T13:21:13","date_gmt":"2023-09-22T11:21:13","guid":{"rendered":"https:\/\/tg-schierstein.de\/?p=6878"},"modified":"2023-09-22T13:21:13","modified_gmt":"2023-09-22T11:21:13","slug":"hsg-mb1-endlich-startet-die-saison","status":"publish","type":"post","link":"https:\/\/tg-schierstein.de\/?p=6878","title":{"rendered":"HSG-mB1 | Endlich startet die Saison!"},"content":{"rendered":"<p>Endlich geht es los! Nach langer Vorbereitung k\u00f6nnen die Jungs der HSG 1848 B-Jugend am Sonntag endlich loslegen und in die Saison starten.<\/p>\n<p>Aber fangen wir vorne an\u2026.<br \/>\nEnde M\u00e4rz nahm die neue B-Jugend der HSG und Mannschaft von Paavo Jensen und Daniel Gundlach erstmals das Training auf und startete in die OL Quali.<\/p>\n<p>Neu zusammengew\u00fcrfelte Mannschaft, wenig Zeit, neue Trainer und fast ausschlie\u00dflich j\u00fcngerer Jahrgang B-Jugend. Das waren die Rahmenbedingungen.<\/p>\n<p>In der Quali belegte man am Ende einen 3. Platz, der die direkte BOL Quali zu folge hatte, allerdings nicht die Qualifikation zur n\u00e4chsten OL Runde gew\u00e4hrte.<br \/>\nDas Thema Quali war damit relativ auch schnell wieder erledigt. Ein neues Ziel war mannschaftsintern allerdings schnell formuliert. Um die Meisterschaft in der Bezirksoberliga m\u00f6chte man schon ein geh\u00f6riges W\u00f6rtchen mitreden!<\/p>\n<p>Menschlich und handballerisches matchte es zwischen Mannschaft und neuen Trainern sofort und auch die Stimmung zwischen den Jungs war von Anfang bestens! Die Grundvoraussetzung f\u00fcr eine hoffentlich erfolgreiche Saison.<\/p>\n<p>Zulauf bekam die Mannschaft nach der Quali auch noch einmal personell. Durch die drei Neuzug\u00f6nge Arne und Bj\u00f6rn Klein sowie Keanu Ruth wurde grade in der Spitze noch einmal viel Qualit\u00e4t hinzugewonnen.<\/p>\n<p>Die weitere Vorbereitung lief \u00e4u\u00dferst erfolgreich. Man konnte sich gegen starke Oberligisten aus RPS behaupten und blieb dort ungeschlagen.<\/p>\n<p>Auch Rasenturniere standen im Sommer nat\u00fcrlich auf dem Programm! Neben dem sportlichen abschneiden, dass man eines der Turniere im Finale erneut gegen einen Oberligisten deutlich entscheiden konnte war hier f\u00fcr die Trainer noch viel wichtiger die mannschaftliche Geschlossenheit zu beobachten. Es trat zu jede Zeit eine Einheit auf und es formte sich immer mehr \u201everschworener Haufen\u201c.<\/p>\n<p>Die Jungs haben in der gesamten Vorbereitung super gearbeitet und trainiert. Nicht nur als Mannschaft hat man mehrere Schritte nach vorne gemacht sondern auch einzeln hat sicher jeder Spieler pers\u00f6nlich noch einmal weiterentwickelt.<\/p>\n<p>Ein Highlight steht direkt zu Beginn an. Zum Saisonauftakt im ersten Heimspiel der Saison kommt es direkt zum gro\u00dfen Derby und man empf\u00e4ngt die HSG Breckenheim Wallau\/Massenheim!<\/p>\n<p>Ein Aspekt der in der Mannschaft um ihre beiden Kapit\u00e4ne Lasse Kula und Arne Klein, allerdings nur noch mehr Motivation aufkommen l\u00e4sst.<\/p>\n<p>Die Mannschaft ist hei\u00df, hoch motiviert und kann es kaum erwarten nun am Sonntag endlich loszulegen!<\/p>\n<p>Wir freuen uns die ganze Saison aber nat\u00fcrlich grade auch zum Start der Saison \u00fcber tatkr\u00e4ftige Unterst\u00fctzung und eine m\u00f6glichst volle Halle.<br \/>\nAnpfiff am Sonntag (24.09) in heimischer Schelmengrabenhalle ist um 14:30 Uhr.<\/p>\n<p>Wir freuen uns auf euch!<\/p>\n","protected":false},"excerpt":{"rendered":"<p>Endlich geht es los! Nach langer Vorbereitung k\u00f6nnen die Jungs der HSG 1848 B-Jugend am Sonntag endlich loslegen und in die Saison starten. Aber fangen wir vorne an\u2026. Ende M\u00e4rz [&hellip;]<\/p>\n","protected":false},"author":27,"featured_media":1067,"comment_status":"closed","ping_status":"closed","sticky":false,"template":"","format":"standard","meta":{"_acf_changed":false,"footnotes":""},"categories":[25],"tags":[],"class_list":["post-6878","post","type-post","status-publish","format-standard","has-post-thumbnail","hentry","category-handball"],"acf":[],"publishpress_future_action":{"enabled":false,"date":"2026-05-07 07:44:25","action":"change-status","newStatus":"draft","terms":[],"taxonomy":"category","extraData":[]},"publishpress_future_workflow_manual_trigger":{"enabledWorkflows":[]},"_links":{"self":[{"href":"https:\/\/tg-schierstein.de\/index.php?rest_route=\/wp\/v2\/posts\/6878","targetHints":{"allow":["GET"]}}],"collection":[{"href":"https:\/\/tg-schierstein.de\/index.php?rest_route=\/wp\/v2\/posts"}],"about":[{"href":"https:\/\/tg-schierstein.de\/index.php?rest_route=\/wp\/v2\/types\/post"}],"author":[{"embeddable":true,"href":"https:\/\/tg-schierstein.de\/index.php?rest_route=\/wp\/v2\/users\/27"}],"replies":[{"embeddable":true,"href":"https:\/\/tg-schierstein.de\/index.php?rest_route=%2Fwp%2Fv2%2Fcomments&post=6878"}],"version-history":[{"count":0,"href":"https:\/\/tg-schierstein.de\/index.php?rest_route=\/wp\/v2\/posts\/6878\/revisions"}],"wp:featuredmedia":[{"embeddable":true,"href":"https:\/\/tg-schierstein.de\/index.php?rest_route=\/wp\/v2\/media\/1067"}],"wp:attachment":[{"href":"https:\/\/tg-schierstein.de\/index.php?rest_route=%2Fwp%2Fv2%2Fmedia&parent=6878"}],"wp:term":[{"taxonomy":"category","embeddable":true,"href":"https:\/\/tg-schierstein.de\/index.php?rest_route=%2Fwp%2Fv2%2Fcategories&post=6878"},{"taxonomy":"post_tag","embeddable":true,"href":"https:\/\/tg-schierstein.de\/index.php?rest_route=%2Fwp%2Fv2%2Ftags&post=6878"}],"curies":[{"name":"wp","href":"https:\/\/api.w.org\/{rel}","templated":true}]}}