{"id":6783,"date":"2023-09-04T08:45:30","date_gmt":"2023-09-04T06:45:30","guid":{"rendered":"https:\/\/tg-schierstein.de\/?p=6783"},"modified":"2023-09-05T09:20:30","modified_gmt":"2023-09-05T07:20:30","slug":"hsg-mc1-c1-startet-gut-aus-den-ferien","status":"publish","type":"post","link":"https:\/\/tg-schierstein.de\/?p=6783","title":{"rendered":"HSG-mC1 | C1 startet gut aus den Ferien"},"content":{"rendered":"<p>Am letzten Wochenende standen gleich zwei Trainingsspiele und eine Trainingseinheit f\u00fcr unsere Jungs der C1 an. Schlie\u00dflich war das Trainerteam Fleischer\/Seil gespannt, wie die Jungs aus den Ferien kamen, in denen zwar sporadisch trainiert wurde, man sich und den Jungs aber auch eine verdiente Pause geg\u00f6nnt hat. Und dem ersten Eindruck nach haben sich alle fitgehalten. Der Beep-Test am Dienstag wird aber hier genauere Ausschl\u00fcsse geben.<\/p>\n<p>Am Wochenende vor dem Schulstart haben sich die Jungs und das Trainerteam getroffen und Samstag ein sch\u00f6nes Trainingsspielchen mit der mB der HC Gonsenheim bestritten, um dann am Sonntag nach einer Trainingseinheit gegen die C-Jugend des TV Nieder Olm zu spielen.<\/p>\n<p>In beiden Spielen war die Spielfreude am Handball und \u00fcberhaupt Wiedersehens-Freude anzumerken und so wurden beide Spiele auf hohem Niveau gespielt. Gerade das Spiel gegen starke Nieder-Olmer war sehenswerter, guter Jugendhandball.<\/p>\n<p>Nun steht am kommenden Sonntag noch der Mittelhessen-Youngsters-Cup an, um dann am <strong>17.9. um 14.00 Uhr<\/strong> mit einem Heimspiel gegen die SG Bruchk\u00f6bel in eine spannende Oberliga-Saison zu starten. Die Jungs um den Kapit\u00e4n Bosse freuen sich \u00fcber jeden Zuschauer, der sie unterst\u00fctzt. Kommt also in die Halle und unterst\u00fctzt unsere Jungs bei ihrem Vorhaben, in Hessens h\u00f6chster Spielklasse f\u00fcr Furore zu sorgen!<\/p>\n","protected":false},"excerpt":{"rendered":"<p>Am letzten Wochenende standen gleich zwei Trainingsspiele und eine Trainingseinheit f\u00fcr unsere Jungs der C1 an. Schlie\u00dflich war das Trainerteam Fleischer\/Seil gespannt, wie die Jungs aus den Ferien kamen, in [&hellip;]<\/p>\n","protected":false},"author":4,"featured_media":1067,"comment_status":"closed","ping_status":"closed","sticky":false,"template":"","format":"standard","meta":{"_acf_changed":false,"footnotes":""},"categories":[25],"tags":[],"class_list":["post-6783","post","type-post","status-publish","format-standard","has-post-thumbnail","hentry","category-handball"],"acf":[],"publishpress_future_action":{"enabled":false,"date":"2026-05-07 03:47:30","action":"change-status","newStatus":"draft","terms":[],"taxonomy":"category","extraData":[]},"publishpress_future_workflow_manual_trigger":{"enabledWorkflows":[]},"_links":{"self":[{"href":"https:\/\/tg-schierstein.de\/index.php?rest_route=\/wp\/v2\/posts\/6783","targetHints":{"allow":["GET"]}}],"collection":[{"href":"https:\/\/tg-schierstein.de\/index.php?rest_route=\/wp\/v2\/posts"}],"about":[{"href":"https:\/\/tg-schierstein.de\/index.php?rest_route=\/wp\/v2\/types\/post"}],"author":[{"embeddable":true,"href":"https:\/\/tg-schierstein.de\/index.php?rest_route=\/wp\/v2\/users\/4"}],"replies":[{"embeddable":true,"href":"https:\/\/tg-schierstein.de\/index.php?rest_route=%2Fwp%2Fv2%2Fcomments&post=6783"}],"version-history":[{"count":0,"href":"https:\/\/tg-schierstein.de\/index.php?rest_route=\/wp\/v2\/posts\/6783\/revisions"}],"wp:featuredmedia":[{"embeddable":true,"href":"https:\/\/tg-schierstein.de\/index.php?rest_route=\/wp\/v2\/media\/1067"}],"wp:attachment":[{"href":"https:\/\/tg-schierstein.de\/index.php?rest_route=%2Fwp%2Fv2%2Fmedia&parent=6783"}],"wp:term":[{"taxonomy":"category","embeddable":true,"href":"https:\/\/tg-schierstein.de\/index.php?rest_route=%2Fwp%2Fv2%2Fcategories&post=6783"},{"taxonomy":"post_tag","embeddable":true,"href":"https:\/\/tg-schierstein.de\/index.php?rest_route=%2Fwp%2Fv2%2Ftags&post=6783"}],"curies":[{"name":"wp","href":"https:\/\/api.w.org\/{rel}","templated":true}]}}