{"id":6759,"date":"2023-08-10T15:53:11","date_gmt":"2023-08-10T13:53:11","guid":{"rendered":"https:\/\/tg-schierstein.de\/?p=6759"},"modified":"2023-08-10T15:54:07","modified_gmt":"2023-08-10T13:54:07","slug":"hsg-m1-vorbereitung-ohne-schweiss-kein-preis","status":"publish","type":"post","link":"https:\/\/tg-schierstein.de\/?p=6759","title":{"rendered":"HSG-M1 | Vorbereitung &#8211; Ohne Schwei\u00df kein Preis"},"content":{"rendered":"<p>Seit dem 12. Juni 2023 sind die Handballer der HSG Dotzheim\/Schierstein 1848 nun am Schwitzen, um gut vorbereitet in die neue Saison zu starten. Ob L\u00e4ufe auf der Tartanbahn, gemeinsames Krafttraining, Tabata-Einheiten, Trainingslagern oder gemeinsames Trainieren\u2026die Jungs ziehen super mit und trotzen auch den teils hohen Temperaturen in der Halle.<\/p>\n<p>Die ersten Testspiele sind nun auch absolviert und wurden gewonnen. Das Zusammenspiel in den Kleingruppen und die Abstimmung in der Defensive soll nun in den letzten Wochen der Vorbereitung verfeinert werden. Hierf\u00fcr sind noch 2 Trainingslager in Dotzheim sowie 3 Testspiele angesetzt:<\/p>\n<p><strong>12.08.2023 gegen den TV Idstein &#8211; Anpfiff 13.00 Uhr im Schelmengraben<\/strong><br \/>\n<strong>20.08.2023 gegen den TV Idstein &#8211; Anpfiff 16.00 Uhr in Idstein<\/strong><br \/>\n<strong>02.09.2023 gegen den MSG Umstadt\/Habitzheim &#8211; Anpfiff 18.00 Uhr im Schelmengraben<\/strong><\/p>\n<p><span style=\"text-decoration: underline;\">Positiv sind die Nachrichten von der Personalfront:<\/span><\/p>\n<p>Leander Schmidtmann, der durch konsequentes Aufbautraining und Disziplin seine langwierige Verletzung am Fu\u00df auskuriert hat, kann nun wieder voll belasten und mit dem Team trainieren.<\/p>\n<p>Das gleiche gilt f\u00fcr Paul F\u00f6ller, der schon seit Beginn der Vorbereitung schmerzfrei mittrainieren kann und dem die Freude dar\u00fcber in jedem Training anzusehen ist.<\/p>\n<p style=\"text-align: center;\"><strong>Ein gro\u00dfes Lob gilt hier auch unserer medizinischen Betreuung durch<\/strong><br \/>\n<strong>HORIZONTE Gesundheitsstudio und -Praxis<\/strong><\/p>\n<p>Markus Nitzke und sein Team sind hier h\u00f6chst professionell aufgestellt und unterst\u00fctzen unsere Rekonvaleszenten bei ihrem Aufbautraining ideal. DANKE!<\/p>\n<p>Heinrich L\u00f6wen wird nun doch nicht zur HSG wechseln. Heinrich ist beruflich so stark eingespannt, dass er das angepeilte Trainingspensum aktuell nicht leisten kann. Wir w\u00fcnschen Heinrich jetzt erstmal viel Erfolg im Beruf und auch sportlich alles Gute.<\/p>\n<p>Was bisher besonders auff\u00e4llt, der gute Teamgeist. Die Stimmung in und neben der Halle ist ausgesprochen gut. Auch bei Vereinsaktivit\u00e4ten wie den Weinst\u00e4nden der Hauptvereine oder beim Schiersteiner Hafenfest werden von den Jungs flei\u00dfig Schichten \u00fcbernommen.<\/p>\n<p>Personell stehen dem Trainierteam Schneider\/Fleischer auf dem Papier zwar 22 Spieler zur Verf\u00fcgung, doch durch Verletzungen und Urlaube stehen oft auch nur knapp 14 Mann im Training. Eine gute Verzahnung und Zusammenarbeit mit unserer M2 und der A-Jugend ist den Trainern daher von allerh\u00f6chster Bedeutung. Gemeinsam sind wir stark und im Laufe der Saison werden wir uns sicherlich viel aushelfen und gegenseitig unterst\u00fctzen.<\/p>\n<p><strong>HSG Ol\u00e8!<\/strong><\/p>\n<p><img loading=\"lazy\" decoding=\"async\" class=\"size-large wp-image-6762 aligncenter\" src=\"https:\/\/tg-schierstein.de\/wp-content\/uploads\/2023\/08\/Maenner-1_2023-2024-1024x613.png\" alt=\"\" width=\"1024\" height=\"613\" srcset=\"https:\/\/tg-schierstein.de\/wp-content\/uploads\/2023\/08\/Maenner-1_2023-2024-1024x613.png 1024w, https:\/\/tg-schierstein.de\/wp-content\/uploads\/2023\/08\/Maenner-1_2023-2024-300x180.png 300w, https:\/\/tg-schierstein.de\/wp-content\/uploads\/2023\/08\/Maenner-1_2023-2024-768x460.png 768w, https:\/\/tg-schierstein.de\/wp-content\/uploads\/2023\/08\/Maenner-1_2023-2024-705x422.png 705w, https:\/\/tg-schierstein.de\/wp-content\/uploads\/2023\/08\/Maenner-1_2023-2024.png 1230w\" sizes=\"auto, (max-width: 1024px) 100vw, 1024px\" \/><\/p>\n","protected":false},"excerpt":{"rendered":"<p>Seit dem 12. Juni 2023 sind die Handballer der HSG Dotzheim\/Schierstein 1848 nun am Schwitzen, um gut vorbereitet in die neue Saison zu starten. Ob L\u00e4ufe auf der Tartanbahn, gemeinsames [&hellip;]<\/p>\n","protected":false},"author":4,"featured_media":6762,"comment_status":"closed","ping_status":"closed","sticky":false,"template":"","format":"standard","meta":{"_acf_changed":false,"footnotes":""},"categories":[25],"tags":[],"class_list":["post-6759","post","type-post","status-publish","format-standard","has-post-thumbnail","hentry","category-handball"],"acf":[],"publishpress_future_action":{"enabled":false,"date":"2026-05-07 02:43:54","action":"change-status","newStatus":"draft","terms":[],"taxonomy":"category","extraData":[]},"publishpress_future_workflow_manual_trigger":{"enabledWorkflows":[]},"_links":{"self":[{"href":"https:\/\/tg-schierstein.de\/index.php?rest_route=\/wp\/v2\/posts\/6759","targetHints":{"allow":["GET"]}}],"collection":[{"href":"https:\/\/tg-schierstein.de\/index.php?rest_route=\/wp\/v2\/posts"}],"about":[{"href":"https:\/\/tg-schierstein.de\/index.php?rest_route=\/wp\/v2\/types\/post"}],"author":[{"embeddable":true,"href":"https:\/\/tg-schierstein.de\/index.php?rest_route=\/wp\/v2\/users\/4"}],"replies":[{"embeddable":true,"href":"https:\/\/tg-schierstein.de\/index.php?rest_route=%2Fwp%2Fv2%2Fcomments&post=6759"}],"version-history":[{"count":0,"href":"https:\/\/tg-schierstein.de\/index.php?rest_route=\/wp\/v2\/posts\/6759\/revisions"}],"wp:featuredmedia":[{"embeddable":true,"href":"https:\/\/tg-schierstein.de\/index.php?rest_route=\/wp\/v2\/media\/6762"}],"wp:attachment":[{"href":"https:\/\/tg-schierstein.de\/index.php?rest_route=%2Fwp%2Fv2%2Fmedia&parent=6759"}],"wp:term":[{"taxonomy":"category","embeddable":true,"href":"https:\/\/tg-schierstein.de\/index.php?rest_route=%2Fwp%2Fv2%2Fcategories&post=6759"},{"taxonomy":"post_tag","embeddable":true,"href":"https:\/\/tg-schierstein.de\/index.php?rest_route=%2Fwp%2Fv2%2Ftags&post=6759"}],"curies":[{"name":"wp","href":"https:\/\/api.w.org\/{rel}","templated":true}]}}