{"id":6353,"date":"2023-07-14T12:50:58","date_gmt":"2023-07-14T10:50:58","guid":{"rendered":"https:\/\/tg-schierstein.de\/?p=6353"},"modified":"2023-07-14T12:56:50","modified_gmt":"2023-07-14T10:56:50","slug":"leichtathletik-gauturnfest-2023","status":"publish","type":"post","link":"https:\/\/tg-schierstein.de\/?p=6353","title":{"rendered":"Leichtathletik | Gauturnfest 2023"},"content":{"rendered":"<p><strong>Lob und Tadel<\/strong><\/p>\n<p>Bevor ich mit meinem Bericht \u00fcber das Gauturnfest beginne, m\u00f6chte ich ein gro\u00dfes Lob loswerden.<\/p>\n<p>Ein gro\u00dfes Lob geht an die Turnerschaft Geisenheim, welche die Ausrichtung des diesj\u00e4hrigen Gauturnfestes am 24.06.2023 \u00fcbernommen hatte. Die Wettkampfst\u00e4tten wurden hervorragend hergerichtet und f\u00fcr das leibliche Wohl war ebenfalls bestens gesorgt. Mit einer H\u00fcpfburg und Livemusik wurde die lange Wartezeit bis zur Siegerehrung ertr\u00e4glich gestaltet.<\/p>\n<p>Ebenfalls loben muss ich die Organisatoren des Turngaues, die nach den chaotischen Tagen mit dem R\u00fccktritt des 1. Vorsitzenden, das Zepter in die Hand nahmen und das Sportfest vor Ort gut \u00fcber die B\u00fchne brachten.<\/p>\n<p>Trotz allem gibt es aber auch einige Kritikpunkte. Obwohl der Termin f\u00fcr das 134. Gauturnfest schon sehr lange bekannt war, wurde die Ausschreibung hierzu erst auf den letzten Dr\u00fccker ver\u00f6ffentlicht. Die Zeitspanne von der Ver\u00f6ffentlichung bis zum Meldeschluss war mit knapp einer Woche sehr, sehr eng bemessen. Auch stand zum Meldeschluss noch nicht hundertprozentig fest um wieviel Uhr die einzelnen Teilnehmer starten w\u00fcrden.<\/p>\n<p>Meiner Meinung nach sollte die Ausschreibung mit einem Zeitplan mindestens 4-5 Wochen vorher ver\u00f6ffentlicht werden.<\/p>\n<p><strong>Trotz knapp bemessener Meldefrist steigt die Anmeldezahl<\/strong><\/p>\n<p>Nach 140 Meldungen im letzten Jahr stieg die Teilnahmezahl in diesem auf knapp 180. Ich gebe daher die Hoffnung nicht auf, dass bei rechtzeitiger Ver\u00f6ffentlichung der Ausschreibung sich noch mehr Teilnehmende melden w\u00fcrden. Vielleicht sollte man auch einmal dar\u00fcber nachdenken, den Wettkampf an einem Sonntag stattfinden zu lassen um noch mehr Aktive zu erreichen.<\/p>\n<p><strong>Ger\u00e4teturner\/Innen wieder in der \u00dcberzahl<\/strong><\/p>\n<p>Nachdem im letzten Jahr die Anzahl der Teilnehmenden bei den leichtathletischen Wettk\u00e4mpfen die der turnerischen Wettk\u00e4mpfe \u00fcbertraf, war es in diesem Jahr wieder umgedreht.<\/p>\n<p>Mit 18 Teilnehmenden war die Turngemeinde, unter 16 Vereinen, der Verein mit dem drittmeisten Anmeldungen. Die Leichtathletikabteilung war diesmal leider nur mit 7 Kindern und Jugendlichen, dies lag zum gr\u00f6\u00dften Teil an der zu sp\u00e4t ver\u00f6ffentlichten Ausschreibung, vertreten.<\/p>\n<p>Schon um kurz nach 9:00 Uhr ging es f\u00fcr Saskia und die anderen mehrk\u00e4mpfenden Akteure, ab Jahrgang 2011 und \u00e4lter, mit dem Wettkampf los. Um den Wettkampf z\u00fcgig durchzuf\u00fchren, sollten alle, welche Leichtathletik als Disziplin auf ihrem Wettkampfzettel stehen hatten, auf dem Sportplatz beginnen. Leider waren doch einige Turner\/innen zuerst in der Halle und kamen sehr sp\u00e4t auf den Sportplatz. Dadurch verz\u00f6gerte sich der ganze Zeitplan. Nach \u00fcber drei Stunden und viel Wartezeit beendete Saskia Ihren Wettkampf mit einem hervorragenden 3. Platz. Damit war Saskia die beste Leichtathletin ihres Jahrgangs. Die beiden ersten Pl\u00e4tze belegten Turnerinnen.<\/p>\n<p>Bedingt durch diese Verz\u00f6gerung starteten die J\u00fcngsten deutlich versp\u00e4tet in ihren Wettkampf. Nach ungef\u00e4hr 2 Stunden hatten auch sie den Wettkampf hinter sich gebracht.<\/p>\n<p>Mit Frederik und Oscar waren auch zwei Wettkampfneulinge f\u00fcr die TG am Start. Beide zeigten beim Springen, Laufen und Werfen keine Nervosit\u00e4t und absolvierten Ihren Wettkampf mit hervorragenden Leistungen.<\/p>\n<p>Fabian, der ebenfalls in dieser Gruppe startete, konnte seine Leistung aus der Vorwoche und des Trainings best\u00e4tigen und belegte nur knapp geschlagen den zweiten Platz.<\/p>\n<p>Nach guten Weitspr\u00fcngen verschlief Jonas, der vierte im Bunde, den Start zum 50 m- Lauf komplett <em>(wurde erst durch den Startschuss geweckt)<\/em>. Beim Wurf war er daf\u00fcr wieder hellwach und konnte noch einmal zeigen was er Drauf hat.<\/p>\n<p>Lars, \u00fcber ihn gibt es nicht viel zu sagen, lie\u00df wieder einmal alle Konkurrenten mit gro\u00dfem Abstand hinter sich. Seine 4,43 m beim Weitsprung und sein Wurf auf \u00fcber 40 Meter versetzten nicht nur das Kampfgericht und das fachkundige Publikum, sondern auch die Konkurrenz ins Staunen.<\/p>\n<p>Luise, neben Saskia dem einzigen M\u00e4dchen in unserer Gruppe, konnte ebenfalls ihre Leistungen von Auringen best\u00e4tigen. Beim Weitsprung hatte sie aber etwas Pech, ein Sprung von weit \u00fcber 3,00 m <em>(ca. 3,25 \u2013 3,30)<\/em> wurde leider ganz knapp f\u00fcr ung\u00fcltig erkl\u00e4rt. Mit einer Weite von 3,03 m, Bestweite in ihrem Jahrgang, kann man trotzdem sehr stolz sein<\/p>\n<p>Als \u00dcbungsleiter bin ich mit den Leistungen unserer Athleten sehr zufrieden. Wenn im Training weiterhin so gut mitgearbeitet wird, steht weiteren Leistungssteigerungen nichts im Wege.<\/p>\n<p><strong>Das lange Warten<\/strong><\/p>\n<p>Nachdem alle ihren Wettkampf abgeschlossen hatten begann das lange Warten auf die Bestenehrung. Wie bereits erw\u00e4hnt, hatte die Turnerschaft Geisenheim eine H\u00fcpfburg aufgebaut, diese war aber nur f\u00fcr die j\u00fcngsten Teilnehmenden interessant. Die \u00c4lteren wurden erstmals, von einer Band musikalisch unterhalten. Wer keine Lust auf H\u00fcpfburg oder Musik hatte, konnte es sich kulinarisch gut gehen lassen.<\/p>\n<p>Manche Jungs hatten keine Lust auf vorgenanntes und \u201eerfanden\u201c kurzerhand eine neue leichtathletische Disziplin, den \u201ePlastikflaschenweitwurf\u201c. Die Meisten von ihnen haben die ungef\u00fcllte Flasche weiter wie im Wettkampf den Ball geworfen.<\/p>\n<p>Nach gef\u00fchlt einer halben Ewigkeit fand endlich die Ehrungen statt. Leider mussten alle, die als erstes gestartet waren bis zum Schluss auf Ihre Ehrung warten. Diese fand dann nur noch vor ganz wenig Publikum statt.<\/p>\n<p>Zum Abschluss m\u00f6chte ich mich noch bei allen Eltern, welche die Kinder und uns Trainerteam, ob als Kampfrichter oder Helfer unterst\u00fctzen, bedanken. Ohne das mitwirken der Eltern k\u00f6nnten auch wir nicht in so gro\u00dfer Zahl an den Wettk\u00e4mpfen teilnehmen. Vielen Dank an Alle.<\/p>\n<h3><strong>Ergebnisse der Turngemeinde &#8211; 134. Gauturnfest 2023<\/strong><\/h3>\n<p><strong>\u00a0<\/strong><strong><u>WK# 304 &#8211; Leichtathletischer Dreikampf weiblich, 8 Jahre <\/u><\/strong><\/p>\n<p><strong> 3.) Luise Jahnke 16,10 Punkte<br \/>\n<\/strong>50 m : 9,63 sec \/\/ Weit\/Zone: 3,03 m \/\/ Schlagball 80gr.:\u00a0 10,40 m<\/p>\n<p><strong><u>WK# 402 &#8211; Leichtathletischer Dreikampf m\u00e4nnlich, 10 Jahre<\/u><\/strong><\/p>\n<p><strong>2.) Fabian Jahnke 20,03 Punkte<br \/>\n<\/strong>50 m : 8,67 sec \/\/ Weit\/Zone: 3,80 m \/\/ Schlagball 80gr::\u00a0 26,40 m<\/p>\n<p><strong>4.) Frederik Verhalen 17,65 Punkte<br \/>\n<\/strong>50 m : 9,15 sec \/\/ Weit\/Zone: 3,53 m \/\/ Schlagball 80gr::\u00a0 21,50 m<\/p>\n<p><strong>5.) Oskar vom Berge 15,25 Punkte<br \/>\n<\/strong>50 m : 9,50 sec \/\/ Weit\/Zone: 3,36 m \/\/ Schlagball 80gr::\u00a0 15,20 m<\/p>\n<p><strong>9.) Jonas Spengler 13,80 Punkte<br \/>\n<\/strong>50 m : 10,17 sec \/\/ Weit\/Zone: 2,69 m \/\/ Schlagball 80gr::\u00a0 20,10 m<\/p>\n<p><strong><u>WK# 401 &#8211; Leichtathletischer Dreikampf m\u00e4nnlich, 11 Jahre <\/u><\/strong><\/p>\n<p><strong>1.) Lars Ramberger 26,85 Punkte<br \/>\n<\/strong>50 m : 8,06 sec \/\/ Weit\/Zone: 4,48m \/\/ Schlagball 80gr::\u00a0 43,20 m<\/p>\n<p><strong><u>WK# 703 &#8211; Wahlfachvierkampf 16 &#8211; 17 Jahre weiblich <\/u><\/strong><\/p>\n<p><strong>3.) Saskia Kr\u00f6ber 24,30 Punkte<br \/>\n<\/strong>100 m : 17,33 sec \/\/ Weit: 3,16 m \/\/ Kugel 3,0 kg : 5,63 m \/\/ Schleuderball 1,0 kg : 19,99 m<\/p>\n","protected":false},"excerpt":{"rendered":"<p>Lob und Tadel Bevor ich mit meinem Bericht \u00fcber das Gauturnfest beginne, m\u00f6chte ich ein gro\u00dfes Lob loswerden. Ein gro\u00dfes Lob geht an die Turnerschaft Geisenheim, welche die Ausrichtung des [&hellip;]<\/p>\n","protected":false},"author":10,"featured_media":1068,"comment_status":"closed","ping_status":"closed","sticky":false,"template":"","format":"standard","meta":{"_acf_changed":false,"footnotes":""},"categories":[22],"tags":[],"class_list":["post-6353","post","type-post","status-publish","format-standard","has-post-thumbnail","hentry","category-leichtathletik"],"acf":[],"publishpress_future_action":{"enabled":false,"date":"2026-05-06 22:43:07","action":"change-status","newStatus":"draft","terms":[],"taxonomy":"category","extraData":[]},"publishpress_future_workflow_manual_trigger":{"enabledWorkflows":[]},"_links":{"self":[{"href":"https:\/\/tg-schierstein.de\/index.php?rest_route=\/wp\/v2\/posts\/6353","targetHints":{"allow":["GET"]}}],"collection":[{"href":"https:\/\/tg-schierstein.de\/index.php?rest_route=\/wp\/v2\/posts"}],"about":[{"href":"https:\/\/tg-schierstein.de\/index.php?rest_route=\/wp\/v2\/types\/post"}],"author":[{"embeddable":true,"href":"https:\/\/tg-schierstein.de\/index.php?rest_route=\/wp\/v2\/users\/10"}],"replies":[{"embeddable":true,"href":"https:\/\/tg-schierstein.de\/index.php?rest_route=%2Fwp%2Fv2%2Fcomments&post=6353"}],"version-history":[{"count":0,"href":"https:\/\/tg-schierstein.de\/index.php?rest_route=\/wp\/v2\/posts\/6353\/revisions"}],"wp:featuredmedia":[{"embeddable":true,"href":"https:\/\/tg-schierstein.de\/index.php?rest_route=\/wp\/v2\/media\/1068"}],"wp:attachment":[{"href":"https:\/\/tg-schierstein.de\/index.php?rest_route=%2Fwp%2Fv2%2Fmedia&parent=6353"}],"wp:term":[{"taxonomy":"category","embeddable":true,"href":"https:\/\/tg-schierstein.de\/index.php?rest_route=%2Fwp%2Fv2%2Fcategories&post=6353"},{"taxonomy":"post_tag","embeddable":true,"href":"https:\/\/tg-schierstein.de\/index.php?rest_route=%2Fwp%2Fv2%2Ftags&post=6353"}],"curies":[{"name":"wp","href":"https:\/\/api.w.org\/{rel}","templated":true}]}}