{"id":5473,"date":"2023-03-26T12:30:25","date_gmt":"2023-03-26T10:30:25","guid":{"rendered":"https:\/\/test.tg-schierstein.de\/?p=5473"},"modified":"2023-05-05T22:23:03","modified_gmt":"2023-05-05T20:23:03","slug":"md1-bl-b-tg-schierstein-tus-dotzheim-ii-a-k-1724-1013","status":"publish","type":"post","link":"https:\/\/tg-schierstein.de\/?p=5473","title":{"rendered":"mD1 | BL-B | TG Schierstein &#8211; TuS Dotzheim II a.K. 17:24 (10:13)"},"content":{"rendered":"<p><strong>Chancenlos im Derby<\/strong><br \/>\n<strong>Zeitumstellung ein Faktor? \/ Drei Hafenst\u00e4dter unter den top 10 Torsch\u00fctzen<\/strong><\/p>\n<p>Im letzten Saisonspiel hie\u00df es zum letzten Mal Derby-Time! Bevor die Spieler bald gemeinsam in der Halle f\u00fcr die HSG spielen, durften sie ein letztes Mal gegeneinander antreten. Leider waren die Hafenst\u00e4dter an diesem Tag chancenlos gegen den TuS. Zu schl\u00e4frig, sowie mangelende Konzentration und Einstellung waren vor allem der Unterschied. Der Gegner war deutlich wacher und hei\u00dfer. Deutliche Unterschiede wurden in der Dynamik der Aktionen, sowie im Laufspiel sichtbar. Vor allem der TG Angriff war oftmals ideenlos und purer Standhandball. Eine h\u00f6here Niederlage wurde durch eine gute Abwehr vermieden. Die Schelmengraben-Sieben stellte sich immer besser auf das gegnerische Spiel ein und setzte alles dagegen. Nichts destrotrotz war an diesem Tag nichts f\u00fcr die Hausherren zu holen.<\/p>\n<p>Doch mit Tabellenplatz vier ist das Trainerteam sehr zu Frieden. Zu mal die Abst\u00e4nde zum Dritten und Zweiten sehr gering sind. Des Weiteren stellen die Hafenst\u00e4dter mit Jan Hartmann, Jonas Anderten und Fridolin Gro\u00df gleich drei Torsch\u00fctzen unter den Top 10. Individuell waren es viele gute Leistungen einzelner Spieler \u00fcber die Saison hinweg. Wo gegen das Zusammenspiel oft haperte, was vor allem an der sehr ausbauf\u00e4higen Trainingsbeteiligung lag. Ebenfalls m\u00fcssen die Jungs in der Abwehr ein paar Schippen drauf legen.<\/p>\n<p>Nun steht am 31. M\u00e4rz die drei t\u00e4gige Abschlu\u00dffahrt statt. Hier wird die Saison gemeinsam beendet.<\/p>\n<p>F\u00fcr die TG spielten:<br \/>\nLucas Rotmann (2. HZ TW), Mads Schnierer (1. HZ TW), Florian Hamann (2), Jan Hartmann (6), Jason Hentschel (1), Konstantin Mallmann (1), Leon Brandt (1), Mika Friedrich (2), Nico Rode, Noah Neitzer (4)<\/p>\n<p>Es fehlten:<br \/>\nErik Haus, Fridolin Gro\u00df, Jonas Anderten, Pablo Rotmann<\/p>\n","protected":false},"excerpt":{"rendered":"<p>Chancenlos im Derby Zeitumstellung ein Faktor? \/ Drei Hafenst\u00e4dter unter den top 10 Torsch\u00fctzen Im letzten Saisonspiel hie\u00df es zum letzten Mal Derby-Time! Bevor die Spieler bald gemeinsam in der [&hellip;]<\/p>\n","protected":false},"author":12,"featured_media":1067,"comment_status":"closed","ping_status":"closed","sticky":false,"template":"","format":"standard","meta":{"_acf_changed":false,"footnotes":""},"categories":[25],"tags":[],"class_list":["post-5473","post","type-post","status-publish","format-standard","has-post-thumbnail","hentry","category-handball"],"acf":[],"publishpress_future_action":{"enabled":false,"date":"2026-05-06 21:40:05","action":"change-status","newStatus":"draft","terms":[],"taxonomy":"category","extraData":[]},"publishpress_future_workflow_manual_trigger":{"enabledWorkflows":[]},"_links":{"self":[{"href":"https:\/\/tg-schierstein.de\/index.php?rest_route=\/wp\/v2\/posts\/5473","targetHints":{"allow":["GET"]}}],"collection":[{"href":"https:\/\/tg-schierstein.de\/index.php?rest_route=\/wp\/v2\/posts"}],"about":[{"href":"https:\/\/tg-schierstein.de\/index.php?rest_route=\/wp\/v2\/types\/post"}],"author":[{"embeddable":true,"href":"https:\/\/tg-schierstein.de\/index.php?rest_route=\/wp\/v2\/users\/12"}],"replies":[{"embeddable":true,"href":"https:\/\/tg-schierstein.de\/index.php?rest_route=%2Fwp%2Fv2%2Fcomments&post=5473"}],"version-history":[{"count":0,"href":"https:\/\/tg-schierstein.de\/index.php?rest_route=\/wp\/v2\/posts\/5473\/revisions"}],"wp:featuredmedia":[{"embeddable":true,"href":"https:\/\/tg-schierstein.de\/index.php?rest_route=\/wp\/v2\/media\/1067"}],"wp:attachment":[{"href":"https:\/\/tg-schierstein.de\/index.php?rest_route=%2Fwp%2Fv2%2Fmedia&parent=5473"}],"wp:term":[{"taxonomy":"category","embeddable":true,"href":"https:\/\/tg-schierstein.de\/index.php?rest_route=%2Fwp%2Fv2%2Fcategories&post=5473"},{"taxonomy":"post_tag","embeddable":true,"href":"https:\/\/tg-schierstein.de\/index.php?rest_route=%2Fwp%2Fv2%2Ftags&post=5473"}],"curies":[{"name":"wp","href":"https:\/\/api.w.org\/{rel}","templated":true}]}}