{"id":4321,"date":"2023-01-14T17:15:58","date_gmt":"2023-01-14T16:15:58","guid":{"rendered":"https:\/\/test.tg-schierstein.de\/?p=4321"},"modified":"2023-05-07T09:53:50","modified_gmt":"2023-05-07T07:53:50","slug":"mc1-ol-hsg-eppla-tg-schierstein-3235-1815","status":"publish","type":"post","link":"https:\/\/tg-schierstein.de\/?p=4321","title":{"rendered":"mC1 | OL | HSG Eppla \u2013 TG Schierstein 32:35 (18:15)"},"content":{"rendered":"<p><strong>Revanche gegl\u00fcckt<\/strong><\/p>\n<p>Beim Ausw\u00e4rtsspiel bei der HSG Eppla hatten sich die Jungs um Kapit\u00e4n Lasse vorgenommen, Revanche zu nehmen. F\u00fcr die Hinspielniederlage, die damals doch sehr schmerzte. Und dies gelang in beeindruckender Manier. Der Plan, \u00fcber ein hohes Tempo den Gastgeber unter Druck zu setzen, ging zun\u00e4chst bestens auf, f\u00fchrte man doch schnell mit 8:4 Toren. Doch dann setzte etwas der Schlendrian ein und mehrfache leichte Abspielfehler in Folge erlaubten Eppla um den wieder sehr stark aufspielenden Linus Partale (16 Tore) das Spiel wieder zu drehen. Diese Phase erinnerte stark an das Hinspiel, in dem gleich mehrere vermeidbare Abspielfehler letztendlich die damals schon vermeidbare Niederlage besiegelten. Hinzu kam ein ungl\u00fcckliches Timing beim Wechseln, stellte der G\u00e4stecoach just in dem Moment auf Manndeckung um, als wir durchwechselten. Verunsicherung war da vorprogrammiert und so ging es mit einer 3 Tore Differenz in die Kabine.<\/p>\n<p>In der Kabine dann beruhigende Worte, dass ja eigentlich alles nach Plan verliefe, wenn man die technischen Fehler und Fehlw\u00fcrfe abstellen k\u00f6nne, gewinnen wir das Ding noch.<\/p>\n<p>Und was die Jungs dann aufs Parkett zauberten, das war schon gro\u00dfe Klasse. Und vor allem gro\u00dfe Moral! Beim 16:21 schien Eppla schon auf der Siegerstra\u00dfe, doch unsere Jungs lie\u00dfen sich nie absch\u00fctteln, blieben konsequent dran und belohnten sich in HZ 2 auch mehr. Wenige technische Fehler, kaum noch Fehlw\u00fcrfe, mehr eigene Paraden. Und so drehten die Hafenst\u00e4dter die Partie und gingen als verdienter, strahlender, aber auch komplett fertiger Sieger vom Parkett. Es war v.a. ab dem 16:21 eine herausragende Team-Leistung, auch mental zeigten sich die Jungs sehr stark-haben hier einen Entwicklungsschritt nach vorne gemacht. Hervorheben m\u00f6chte das Trainerteam die Leistung von Frederik Seil und Bosse Hamann, die ganz, ganz stark spielten. Ebenso Lasse Kula, der klug Regie f\u00fchrte und Finn Hegener, der gut am Kreis einnetzte. Auch Corbinian Wen, der auf die Z\u00e4hne biss und trotz Schmerzen viel spielte, verdient ein Sonderlob.<\/p>\n<p>F\u00fcr die TGS spielten:<br \/>\nM\u00fchling, Orthmann, Blumenthal, Seil 9, Fleischer 1, Winkenwerder, Mallmann 1, Reischauer 1, Hamann 11, Reh, Kula 3, Hegener 4, Wen 5<\/p>\n<p>Nun geht es schon n\u00e4chsten Sonntag weiter, wo ein Highlight ansteht. Gegen einen Bundesliga-Nachwuchs spielt man schlie\u00dflich nicht aller Tage und das Spiel gegen die HSG Dutenhofen\/M\u00fcnchholzhausen wird den Jungs sicher wieder alles abverlangen. Auch der Gast sinnt sicherlich auf Revanche f\u00fcr die Hinspielniederlage. Wir sind aber gewappnet und wollen die 2 Punkte. Macht bitte ordentlich Werbung, um die Halle voll zu machen. Kommt also alle und unterst\u00fctzt unsere C1 beim vorletzten Heimspiel der Oberligasaison 2022\/2023!<\/p>\n<p><strong>Anpfiff ist Sonntag, 22.1. um 14.00 Uhr im Schelmengraben.<\/strong><\/p>\n<p><strong>Und hier noch die aktuelle Tabelle:<\/strong><\/p>\n<p><img loading=\"lazy\" decoding=\"async\" class=\"alignnone wp-image-4322 size-full\" src=\"https:\/\/tg-schierstein.de\/wp-content\/uploads\/2023\/01\/Screenshot-2023-01-17-at-22-22-45-nuLiga-Handball-\u2013-Staffel.png\" alt=\"\" width=\"882\" height=\"258\" srcset=\"https:\/\/tg-schierstein.de\/wp-content\/uploads\/2023\/01\/Screenshot-2023-01-17-at-22-22-45-nuLiga-Handball-\u2013-Staffel.png 882w, https:\/\/tg-schierstein.de\/wp-content\/uploads\/2023\/01\/Screenshot-2023-01-17-at-22-22-45-nuLiga-Handball-\u2013-Staffel-300x88.png 300w, https:\/\/tg-schierstein.de\/wp-content\/uploads\/2023\/01\/Screenshot-2023-01-17-at-22-22-45-nuLiga-Handball-\u2013-Staffel-768x225.png 768w, https:\/\/tg-schierstein.de\/wp-content\/uploads\/2023\/01\/Screenshot-2023-01-17-at-22-22-45-nuLiga-Handball-\u2013-Staffel-705x206.png 705w\" sizes=\"auto, (max-width: 882px) 100vw, 882px\" \/><\/p>\n","protected":false},"excerpt":{"rendered":"<p>Revanche gegl\u00fcckt Beim Ausw\u00e4rtsspiel bei der HSG Eppla hatten sich die Jungs um Kapit\u00e4n Lasse vorgenommen, Revanche zu nehmen. F\u00fcr die Hinspielniederlage, die damals doch sehr schmerzte. Und dies gelang [&hellip;]<\/p>\n","protected":false},"author":4,"featured_media":1067,"comment_status":"closed","ping_status":"closed","sticky":false,"template":"","format":"standard","meta":{"_acf_changed":false,"footnotes":""},"categories":[25],"tags":[],"class_list":["post-4321","post","type-post","status-publish","format-standard","has-post-thumbnail","hentry","category-handball"],"acf":[],"publishpress_future_action":{"enabled":false,"date":"2026-05-07 05:27:39","action":"change-status","newStatus":"draft","terms":[],"taxonomy":"category","extraData":[]},"publishpress_future_workflow_manual_trigger":{"enabledWorkflows":[]},"_links":{"self":[{"href":"https:\/\/tg-schierstein.de\/index.php?rest_route=\/wp\/v2\/posts\/4321","targetHints":{"allow":["GET"]}}],"collection":[{"href":"https:\/\/tg-schierstein.de\/index.php?rest_route=\/wp\/v2\/posts"}],"about":[{"href":"https:\/\/tg-schierstein.de\/index.php?rest_route=\/wp\/v2\/types\/post"}],"author":[{"embeddable":true,"href":"https:\/\/tg-schierstein.de\/index.php?rest_route=\/wp\/v2\/users\/4"}],"replies":[{"embeddable":true,"href":"https:\/\/tg-schierstein.de\/index.php?rest_route=%2Fwp%2Fv2%2Fcomments&post=4321"}],"version-history":[{"count":0,"href":"https:\/\/tg-schierstein.de\/index.php?rest_route=\/wp\/v2\/posts\/4321\/revisions"}],"wp:featuredmedia":[{"embeddable":true,"href":"https:\/\/tg-schierstein.de\/index.php?rest_route=\/wp\/v2\/media\/1067"}],"wp:attachment":[{"href":"https:\/\/tg-schierstein.de\/index.php?rest_route=%2Fwp%2Fv2%2Fmedia&parent=4321"}],"wp:term":[{"taxonomy":"category","embeddable":true,"href":"https:\/\/tg-schierstein.de\/index.php?rest_route=%2Fwp%2Fv2%2Fcategories&post=4321"},{"taxonomy":"post_tag","embeddable":true,"href":"https:\/\/tg-schierstein.de\/index.php?rest_route=%2Fwp%2Fv2%2Ftags&post=4321"}],"curies":[{"name":"wp","href":"https:\/\/api.w.org\/{rel}","templated":true}]}}