{"id":3634,"date":"2022-12-10T17:30:46","date_gmt":"2022-12-10T16:30:46","guid":{"rendered":"https:\/\/test.tg-schierstein.de\/?p=3634"},"modified":"2023-01-02T12:01:45","modified_gmt":"2023-01-02T11:01:45","slug":"m2-bl-b-limburger-hv-tg-schierstein-ii-2731-1114","status":"publish","type":"post","link":"https:\/\/tg-schierstein.de\/?p=3634","title":{"rendered":"M2 | BL-B | Limburger HV\u2013 TG Schierstein II 27:31 (11:14)"},"content":{"rendered":"<p><strong>Wichtige Punkte<\/strong><\/p>\n<p>Wenige Stunden vor dem Spiel war v\u00f6llig unklar ob wir \u00fcberhaupt spielen k\u00f6nnen, hatte uns doch die Grippewelle erwischt. Dank an die 2 A-Jugendlichen, einem U 21 Spieler und einem Spieler aus der 3.Mannschaft das ihr uns geholfen habt. WIR SIND SCHIERSTEIN. Das Spiel war am Anfang f\u00fcr uns nicht mir Leidenschaft in der Abwehr gepr\u00e4gt, so konnte der Gastgeber walten wie er wollte und ging verdient in F\u00fchrung. Doch so langsam bekamen wir vereinzelte Spieler in den Griff und konnten das Spiel bis zur Pause drehen. Nun hatten wir endlich den gew\u00fcnschten Erfolg in unseren Abwehraktionen und unserem schnellen Spiel. Der Gegner konnte nur noch mithalten, weil sie sich nie aufgaben und wir zwischen der 40. und 50. Minute konfus waren. Auf mehr als 3 Tore kam der Gegner aber nicht mehr heran und so verwalteten wir unseren Vorsprung bis ins Ziel. Mit einer Niederlage w\u00e4ren wir im unteren Drittel, so schielen wir erst einmal nach oben und k\u00f6nnen bis Ende Januar in Ruhe zuschauen, was die Konkurrenz so macht\u2026<\/p>\n<p>Frohes Fest und einen guten Rutsch.<\/p>\n<p><span style=\"text-decoration: underline;\">F\u00fcr die TGS spielten:<\/span><br \/>\nMarko Djuric (8\/3), Olivier Lempik (7\/4), Jan K\u00fcnzl (1), Pierre Geier (Tor), Timo Dettbarn (3), Dennis Reimann (), Timo Walther (5),Alexander Reinemer (), Daniel Menges (3), Zeljko Filipas (), Karsten Pfeffer (2), Boran Kocak (2)<\/p>\n<p>Spielfilm: 2:2, 5:2, 7:7, 7:10,11:14 \u2013 11:17, 15:19, 22:25, 24:29, 27:31<br \/>\nSiebenmeter: 5\/8 \u20137\/9<br \/>\nGelbe Karten: 1 \u2013 3<br \/>\nZwei Minuten: 3 \u2013 1<br \/>\nSchiedsrichter: Gallenkamp, Kai<\/p>\n","protected":false},"excerpt":{"rendered":"<p>Wichtige Punkte Wenige Stunden vor dem Spiel war v\u00f6llig unklar ob wir \u00fcberhaupt spielen k\u00f6nnen, hatte uns doch die Grippewelle erwischt. Dank an die 2 A-Jugendlichen, einem U 21 Spieler [&hellip;]<\/p>\n","protected":false},"author":3,"featured_media":1067,"comment_status":"closed","ping_status":"closed","sticky":false,"template":"","format":"standard","meta":{"_acf_changed":false,"footnotes":""},"categories":[25],"tags":[],"class_list":["post-3634","post","type-post","status-publish","format-standard","has-post-thumbnail","hentry","category-handball"],"acf":[],"publishpress_future_action":{"enabled":false,"date":"2026-05-07 02:09:22","action":"change-status","newStatus":"draft","terms":[],"taxonomy":"category","extraData":[]},"publishpress_future_workflow_manual_trigger":{"enabledWorkflows":[]},"_links":{"self":[{"href":"https:\/\/tg-schierstein.de\/index.php?rest_route=\/wp\/v2\/posts\/3634","targetHints":{"allow":["GET"]}}],"collection":[{"href":"https:\/\/tg-schierstein.de\/index.php?rest_route=\/wp\/v2\/posts"}],"about":[{"href":"https:\/\/tg-schierstein.de\/index.php?rest_route=\/wp\/v2\/types\/post"}],"author":[{"embeddable":true,"href":"https:\/\/tg-schierstein.de\/index.php?rest_route=\/wp\/v2\/users\/3"}],"replies":[{"embeddable":true,"href":"https:\/\/tg-schierstein.de\/index.php?rest_route=%2Fwp%2Fv2%2Fcomments&post=3634"}],"version-history":[{"count":0,"href":"https:\/\/tg-schierstein.de\/index.php?rest_route=\/wp\/v2\/posts\/3634\/revisions"}],"wp:featuredmedia":[{"embeddable":true,"href":"https:\/\/tg-schierstein.de\/index.php?rest_route=\/wp\/v2\/media\/1067"}],"wp:attachment":[{"href":"https:\/\/tg-schierstein.de\/index.php?rest_route=%2Fwp%2Fv2%2Fmedia&parent=3634"}],"wp:term":[{"taxonomy":"category","embeddable":true,"href":"https:\/\/tg-schierstein.de\/index.php?rest_route=%2Fwp%2Fv2%2Fcategories&post=3634"},{"taxonomy":"post_tag","embeddable":true,"href":"https:\/\/tg-schierstein.de\/index.php?rest_route=%2Fwp%2Fv2%2Ftags&post=3634"}],"curies":[{"name":"wp","href":"https:\/\/api.w.org\/{rel}","templated":true}]}}