{"id":3615,"date":"2022-11-29T15:52:10","date_gmt":"2022-11-29T14:52:10","guid":{"rendered":"https:\/\/test.tg-schierstein.de\/?p=3615"},"modified":"2023-01-02T11:53:13","modified_gmt":"2023-01-02T10:53:13","slug":"m1-bol-vorbericht-fuer-das-naechste-spiel-am-sa-03-12-2022","status":"publish","type":"post","link":"https:\/\/tg-schierstein.de\/?p=3615","title":{"rendered":"M1 | BOL | Vorbericht f\u00fcr das n\u00e4chste Spiel am Sa. 03.12.2022"},"content":{"rendered":"<p><strong>Spiel Schwarzbach verlegt<\/strong><\/p>\n<p>Gleich sechs Spieler meldeten sich f\u00fcr das Spiel am Samstagabend krank. Trainer Fleischer rief kurzerhand den Trainerkollegen Uwe Bonewitz an und der stimmte einer Spielverlegung sofort zu. Das ist wahrer Sportsgeist\u2026ein Nachholtermin ist auch schon gefunden. Das Spiel wird am 15.12. um 20.30 Uhr in Hofheim nachgeholt.<\/p>\n<p><strong>Weihnachtsspiel &amp; Derbytime<\/strong><\/p>\n<p>Nun steht am Samstagabend, 18.00 Uhr, das TGS Weihnachtsspiel im Schelmengraben an. Hierzu sind alle TG Jugendteams eingeladen. Nat\u00fcrlich samt Eltern, Freunden, Opa und Oma.<\/p>\n<p>Die Verantwortlichen der M1 hoffen nun erstmal auf eine schnelle Genesung der Erkrankten und freuen sich dann aber auf das Rheingau-Derby. Egal, mit welcher Aufstellung die M1 auflaufen wir, die Jungs werden hei\u00df sein und wollen das Rheingau-Derby unbedingt ziehen. Schlie\u00dflich geht es vor allem auch um zwei wichtige Punkte im Aufstiegskampf zur Landesliga. Dieser hat sich durch die Ergebnisse der letzten Wochen weiter zugespitzt. Sind doch nun die ersten vier Teams nur 4 Punkte auseinander.<\/p>\n<p>Die TG Eltville steht im gesicherten Mittelfeld und wird weder mit Auf- noch Abstieg zu tun haben. Die Teams kennen sich gut und wie immer hat ein Derby auch seine eigenen Gesetze und Historie. Die letzten Derbys waren immer packende, enge Partien, wenn sie denn ausgetragen wurden.<\/p>\n<p>Im Anschluss steht noch die Jahresabschlussfeier der TG an. Diese findet in der Georg Lang Halle in Schierstein statt und es w\u00e4re sch\u00f6n, wenn dort noch Spieler und Fans gemeinsam \u00fcber das Derby fachsimpeln k\u00f6nnen.<\/p>\n<p><strong>Bis Samstag!<\/strong><br \/>\n<strong>Eure M1<\/strong><\/p>\n","protected":false},"excerpt":{"rendered":"<p>Spiel Schwarzbach verlegt Gleich sechs Spieler meldeten sich f\u00fcr das Spiel am Samstagabend krank. Trainer Fleischer rief kurzerhand den Trainerkollegen Uwe Bonewitz an und der stimmte einer Spielverlegung sofort zu. [&hellip;]<\/p>\n","protected":false},"author":4,"featured_media":1067,"comment_status":"closed","ping_status":"closed","sticky":false,"template":"","format":"standard","meta":{"_acf_changed":false,"footnotes":""},"categories":[25],"tags":[],"class_list":["post-3615","post","type-post","status-publish","format-standard","has-post-thumbnail","hentry","category-handball"],"acf":[],"publishpress_future_action":{"enabled":false,"date":"2026-05-06 23:08:49","action":"change-status","newStatus":"draft","terms":[],"taxonomy":"category","extraData":[]},"publishpress_future_workflow_manual_trigger":{"enabledWorkflows":[]},"_links":{"self":[{"href":"https:\/\/tg-schierstein.de\/index.php?rest_route=\/wp\/v2\/posts\/3615","targetHints":{"allow":["GET"]}}],"collection":[{"href":"https:\/\/tg-schierstein.de\/index.php?rest_route=\/wp\/v2\/posts"}],"about":[{"href":"https:\/\/tg-schierstein.de\/index.php?rest_route=\/wp\/v2\/types\/post"}],"author":[{"embeddable":true,"href":"https:\/\/tg-schierstein.de\/index.php?rest_route=\/wp\/v2\/users\/4"}],"replies":[{"embeddable":true,"href":"https:\/\/tg-schierstein.de\/index.php?rest_route=%2Fwp%2Fv2%2Fcomments&post=3615"}],"version-history":[{"count":0,"href":"https:\/\/tg-schierstein.de\/index.php?rest_route=\/wp\/v2\/posts\/3615\/revisions"}],"wp:featuredmedia":[{"embeddable":true,"href":"https:\/\/tg-schierstein.de\/index.php?rest_route=\/wp\/v2\/media\/1067"}],"wp:attachment":[{"href":"https:\/\/tg-schierstein.de\/index.php?rest_route=%2Fwp%2Fv2%2Fmedia&parent=3615"}],"wp:term":[{"taxonomy":"category","embeddable":true,"href":"https:\/\/tg-schierstein.de\/index.php?rest_route=%2Fwp%2Fv2%2Fcategories&post=3615"},{"taxonomy":"post_tag","embeddable":true,"href":"https:\/\/tg-schierstein.de\/index.php?rest_route=%2Fwp%2Fv2%2Ftags&post=3615"}],"curies":[{"name":"wp","href":"https:\/\/api.w.org\/{rel}","templated":true}]}}