{"id":3595,"date":"2022-11-19T21:00:23","date_gmt":"2022-11-19T20:00:23","guid":{"rendered":"https:\/\/test.tg-schierstein.de\/?p=3595"},"modified":"2023-01-02T11:41:27","modified_gmt":"2023-01-02T10:41:27","slug":"m1-bol-tg-schierstein-hsg-breckenheim-wallau-ii-2632-1014","status":"publish","type":"post","link":"https:\/\/tg-schierstein.de\/?p=3595","title":{"rendered":"M1 | BOL | TG Schierstein \u2013 HSG Breckenheim\/Wallau II 26:32 (10:14)"},"content":{"rendered":"<p><strong>Eine Frage der Zeit\u2026<\/strong><\/p>\n<p>Es war eine Frage der Zeit, bis es mal passieren musste. Nach sechs Siegen am St\u00fcck war es diesmal an der Zeit\u2026die seit Wochen d\u00fcnne Personaldecke wurde den Hafenst\u00e4dtern dieses Mal zum Verh\u00e4ngnis. Konnte in den letzten Partien immer ausgewechselt werden und den Stammspielern Spielpausen geg\u00f6nnt werden, mussten dieses Mal fast alle Akteure durchspielen. Und das kostete Kraft und die letzte Konzentration, die es gegen einen guten Gast gebraucht h\u00e4tte, fehlte dann einfach. Die G\u00e4ste konnten hingegen aus dem Vollen sch\u00f6pfen und wechselten munter durch. Und das muss man sagen: sie machten das auch gut.<\/p>\n<p>Geplant war eigentlich, mit Lukas Hunstein und Oliver Lempik den Ausfall von B\u00fcttner (Schulter) Deveci (Fu\u00dfzeh), Klein (Schulter), Battermann (Fu\u00dfzeh) und Wrede (spielte krank) zu kompensieren. Eigentlich\u2026doch beide standen am Spieltag nicht mehr zur Verf\u00fcgung.<\/p>\n<p>So mussten die Verbliebenen eben durchbrummen, taten das auch, doch erwischten einige Spieler leider nicht ihren besten Tag. Auch das mehr als verst\u00e4ndlich, gingen Spieler gehandicapt in die Partie oder kamen aus einer Erkrankung. Vieles blieb somit St\u00fcckwerk und es waren eher Einzelaktionen statt gebundenes Spiel, das die Hafenst\u00e4dter zeigten. Einige ungl\u00fcckliche Schiedsrichter-Entscheidungen und ein gewisses Spielgl\u00fcck f\u00fcr die G\u00e4ste, denen sieben!! Abpraller sprichw\u00f6rtlich in die H\u00e4nde fielen, standen einem m\u00f6glichen Punktgewinn an diesem gebrauchten Abend zus\u00e4tzlich im Weg. Viele der Zuschauer in der sehr gut besuchten Schelmengrabenhalle sagten im Nachgang, heute h\u00e4tten wir noch eine Stunde l\u00e4nger spielen k\u00f6nnen und nicht gewonnen\u2026und da hatten sie Recht.<\/p>\n<p><span style=\"text-decoration: underline;\">F\u00fcr die TG spielten:<\/span><br \/>\nMoller, Bonin, Frohn, Menges 1, Stasauskas 2, Wrede 2, Stolic 2, Schafmeister 10\/2, Bienefeld 4, Schubert 5, Kocak<\/p>\n<p>Nun hei\u00dft es f\u00fcr die Jungs wieder auf die Z\u00e4hne bei\u00dfen und schnell wieder fit werden, steht mit der Partie am Samstag in Schwarzbach doch eine der schwersten Ausw\u00e4rtsh\u00fcrden der Liga auf dem Programm. Nach schwachem Saisonstart hat sich Schwarzbach wieder gefangen und ist mit vier Siegen am St\u00fcck voller Selbstvertrauen. Zudem stellen sie den torgef\u00e4hrlichsten Angriff der Liga. 345 Toren stehen aber auch 336 Gegentore entgegen, was die schw\u00e4chste Abwehr der Liga bedeutet. Unsere Fans k\u00f6nnen sich also auf ein sicher unterhaltsames Spiel freuen.<\/p>\n<p>Anpfiff ist um 20.00 Uhr in der Br\u00fchlwiesenschule<br \/>\nRudolf-Mohr Strasse, 65719 Hofheim<\/p>\n","protected":false},"excerpt":{"rendered":"<p>Eine Frage der Zeit\u2026 Es war eine Frage der Zeit, bis es mal passieren musste. Nach sechs Siegen am St\u00fcck war es diesmal an der Zeit\u2026die seit Wochen d\u00fcnne Personaldecke [&hellip;]<\/p>\n","protected":false},"author":4,"featured_media":1067,"comment_status":"closed","ping_status":"closed","sticky":false,"template":"","format":"standard","meta":{"_acf_changed":false,"footnotes":""},"categories":[25],"tags":[],"class_list":["post-3595","post","type-post","status-publish","format-standard","has-post-thumbnail","hentry","category-handball"],"acf":[],"publishpress_future_action":{"enabled":false,"date":"2026-05-06 21:47:36","action":"change-status","newStatus":"draft","terms":[],"taxonomy":"category","extraData":[]},"publishpress_future_workflow_manual_trigger":{"enabledWorkflows":[]},"_links":{"self":[{"href":"https:\/\/tg-schierstein.de\/index.php?rest_route=\/wp\/v2\/posts\/3595","targetHints":{"allow":["GET"]}}],"collection":[{"href":"https:\/\/tg-schierstein.de\/index.php?rest_route=\/wp\/v2\/posts"}],"about":[{"href":"https:\/\/tg-schierstein.de\/index.php?rest_route=\/wp\/v2\/types\/post"}],"author":[{"embeddable":true,"href":"https:\/\/tg-schierstein.de\/index.php?rest_route=\/wp\/v2\/users\/4"}],"replies":[{"embeddable":true,"href":"https:\/\/tg-schierstein.de\/index.php?rest_route=%2Fwp%2Fv2%2Fcomments&post=3595"}],"version-history":[{"count":0,"href":"https:\/\/tg-schierstein.de\/index.php?rest_route=\/wp\/v2\/posts\/3595\/revisions"}],"wp:featuredmedia":[{"embeddable":true,"href":"https:\/\/tg-schierstein.de\/index.php?rest_route=\/wp\/v2\/media\/1067"}],"wp:attachment":[{"href":"https:\/\/tg-schierstein.de\/index.php?rest_route=%2Fwp%2Fv2%2Fmedia&parent=3595"}],"wp:term":[{"taxonomy":"category","embeddable":true,"href":"https:\/\/tg-schierstein.de\/index.php?rest_route=%2Fwp%2Fv2%2Fcategories&post=3595"},{"taxonomy":"post_tag","embeddable":true,"href":"https:\/\/tg-schierstein.de\/index.php?rest_route=%2Fwp%2Fv2%2Ftags&post=3595"}],"curies":[{"name":"wp","href":"https:\/\/api.w.org\/{rel}","templated":true}]}}