{"id":3518,"date":"2022-10-12T12:10:03","date_gmt":"2022-10-12T10:10:03","guid":{"rendered":"https:\/\/test.tg-schierstein.de\/?p=3518"},"modified":"2023-01-01T23:07:35","modified_gmt":"2023-01-01T22:07:35","slug":"m1-bol-tg-schierstein-tsg-muenster-ii-2928-1912","status":"publish","type":"post","link":"https:\/\/tg-schierstein.de\/?p=3518","title":{"rendered":"M1 | BOL | TG Schierstein \u2013 TSG M\u00fcnster II 29:28 (19:12)"},"content":{"rendered":"<p><strong>Kollektive Erleichterung nach Heimsieg<\/strong><\/p>\n<p>Es war wieder Krimi-Zeit am Sonntagabend im Schelmengraben: die Halle war gut besucht, das Hallensprecher Team Dennis und Daniel bereiteten die Zuschauer auf ein enges Spiel vor\u2026und das wurde es auch. Die letzten Sekunden im Zeitraffer: Schluss-Sirene\u2026.kurzes Bangen\u2026Jubeln\u2026und Endlich! Endlich wurde der erste Sieg unserer M1 in der Saison 22\/23 eingefahren. Unter frenetischem Jubel der TG-Anh\u00e4ngerschaft und Anfeuerung unseres Trommler-Teams (DANKE f\u00fcr 60 Minuten lautstarke Unterst\u00fctzung!) versammelte sich die Mannschaft nach Schlusspfiff auf dem Feld um ihren Anf\u00fchrer Moritz Schubert herum, um den Sieg zu feiern. Doch Pustekuchen\u2026die Jungs waren so platt, dass kein Siegertanz mehr im K\u00f6cher war. Verst\u00e4ndlich\u2026das Spiel und die letzten Wochen haben am Nervenkost\u00fcm der Mannschaft gezerrt. Die Erleichterung \u00fcber die zwei gewonnenen Punkte war im Anschluss an die Partie allen Schiersteiner Akteuren dann auch sichtlich anzumerken. Erst beim anschlie\u00dfenden Kabinenfest \u00fcberwog dann nach und nach die Freude \u00fcber die eigene Leistung. Gerade in Halbzeit Eins zeigten die Jungs um den starken R\u00fcckhalt S\u00f6ren Moller eine bravour\u00f6se Leistung und spielten den Tabellenzweiten regelrecht an die Wand. Hinten wurde beherzt gearbeitet und vorne lief das B\u00e4llchen gut. Mit einem 19:12 ging es in die Kabine.<\/p>\n<p>In Halbzeit 2 ging es auch zun\u00e4chst so weiter, bis beim 21:13 der h\u00f6chste Abstand zwischen beiden Teams gelegt wurde. Nun f\u00fchlten sich die Jungs um ihre und ihre bis dato starken Anf\u00fchrer Wrede und Schubert aber wohl zu sicher und vertendelten vorne gleich vier B\u00e4lle am St\u00fcck. Dazu vergaben wir zwei Siebenmeter und schon war das Spiel wieder offen. M\u00fcnster 2 nahm diese Einladungen dankbar an und war drauf und dran, das Spiel wieder zu drehen. Beim 27:27 war die Partie auf des Messers Schneide: Konstantin Schubert nahm sich nun ein Herz und erzielte per Siebenmeter den wichtigen F\u00fchrungstreffer, S\u00f6ren parierte von Au\u00dfen und Max Klein erzielte unnachahmlich die 2 Tore F\u00fchrung. Im Gegenzug dann der Anschlusstreffer und der vermeintliche Siegtreffer durch Wrede. Doch zur Verwunderung aller TG Fans pfiffen die ansonsten umsichtig leitenden Schiedsrichter St\u00fcrmerfoul statt Tor und die ganze Halle hielt den Atem an. Bis zur letzten Sekunde musste tats\u00e4chlich gezittert werden, doch die Schluss-Sirene erl\u00f6ste dann die Gem\u00fcter.<\/p>\n<p>F\u00fcr die TGS spielten:<br \/>\nMoller, Bonin, K. Schubert 1\/1, Menges 4, Hunstein, Stasauskas, Wrede 3, Stolic 2, Frohn 1, Deveci , M. Schubert 8\/2, Bienefeld 5, Klein 5<\/p>\n<p>In der Trainingswoche steht nun vermehrt Taktiktraining und Umgang mit einer F\u00fchrung an, bevor das Team n\u00e4chste Woche bei der HSG Eppla 2 gastiert, die von unserem Freund und ehemaligen Keeper Jens Illner betreut wird. Letzte Saison erlitt das Team gegen Eppla 2 eine empfindliche Heimniederlage, die zeigte, dass man diesen Gegner nicht untersch\u00e4tzen darf, man wei\u00df auch nie genau, wer am Spieltag auflaufen wird. Die Hafenst\u00e4dter sind aber gewappnet und wollen unbedingt den n\u00e4chsten Saisonsieg einfahren.<\/p>\n<p>Daher gibt es f\u00fcr Sonntag einen TGS-Handballer-Ausflugstipp:<br \/>\nWilhelm Busch Sporthalle Langenhain<br \/>\nSportplatzstrasse 11<br \/>\n65719 Hofheim<\/p>\n<p><strong>Sonntag, 16.10. 12.00 Uhr Eppla 3 &#8211; TGS 2<\/strong><br \/>\n<strong>Sonntag, 16.10. 14.00 Uhr Eppla 2 &#8211; TGS 1<\/strong><\/p>\n<p>Die Teams sich \u00fcber jeden Unterst\u00fctzer vor Ort.<br \/>\nEure M1<\/p>\n","protected":false},"excerpt":{"rendered":"<p>Kollektive Erleichterung nach Heimsieg Es war wieder Krimi-Zeit am Sonntagabend im Schelmengraben: die Halle war gut besucht, das Hallensprecher Team Dennis und Daniel bereiteten die Zuschauer auf ein enges Spiel [&hellip;]<\/p>\n","protected":false},"author":4,"featured_media":1067,"comment_status":"closed","ping_status":"closed","sticky":false,"template":"","format":"standard","meta":{"_acf_changed":false,"footnotes":""},"categories":[25],"tags":[],"class_list":["post-3518","post","type-post","status-publish","format-standard","has-post-thumbnail","hentry","category-handball"],"acf":[],"publishpress_future_action":{"enabled":false,"date":"2026-05-06 22:42:42","action":"change-status","newStatus":"draft","terms":[],"taxonomy":"category","extraData":[]},"publishpress_future_workflow_manual_trigger":{"enabledWorkflows":[]},"_links":{"self":[{"href":"https:\/\/tg-schierstein.de\/index.php?rest_route=\/wp\/v2\/posts\/3518","targetHints":{"allow":["GET"]}}],"collection":[{"href":"https:\/\/tg-schierstein.de\/index.php?rest_route=\/wp\/v2\/posts"}],"about":[{"href":"https:\/\/tg-schierstein.de\/index.php?rest_route=\/wp\/v2\/types\/post"}],"author":[{"embeddable":true,"href":"https:\/\/tg-schierstein.de\/index.php?rest_route=\/wp\/v2\/users\/4"}],"replies":[{"embeddable":true,"href":"https:\/\/tg-schierstein.de\/index.php?rest_route=%2Fwp%2Fv2%2Fcomments&post=3518"}],"version-history":[{"count":0,"href":"https:\/\/tg-schierstein.de\/index.php?rest_route=\/wp\/v2\/posts\/3518\/revisions"}],"wp:featuredmedia":[{"embeddable":true,"href":"https:\/\/tg-schierstein.de\/index.php?rest_route=\/wp\/v2\/media\/1067"}],"wp:attachment":[{"href":"https:\/\/tg-schierstein.de\/index.php?rest_route=%2Fwp%2Fv2%2Fmedia&parent=3518"}],"wp:term":[{"taxonomy":"category","embeddable":true,"href":"https:\/\/tg-schierstein.de\/index.php?rest_route=%2Fwp%2Fv2%2Fcategories&post=3518"},{"taxonomy":"post_tag","embeddable":true,"href":"https:\/\/tg-schierstein.de\/index.php?rest_route=%2Fwp%2Fv2%2Ftags&post=3518"}],"curies":[{"name":"wp","href":"https:\/\/api.w.org\/{rel}","templated":true}]}}