{"id":3503,"date":"2022-10-05T15:00:06","date_gmt":"2022-10-05T13:00:06","guid":{"rendered":"https:\/\/test.tg-schierstein.de\/?p=3503"},"modified":"2023-01-01T23:02:53","modified_gmt":"2023-01-01T22:02:53","slug":"gauturnfest-2022-ja-oder-nein","status":"publish","type":"post","link":"https:\/\/tg-schierstein.de\/?p=3503","title":{"rendered":"Gauturnfest 2022 \u2013 Ja oder Nein??"},"content":{"rendered":"<p><strong>Aufruf des Gauvorstandes trug Fr\u00fcchte<\/strong><\/p>\n<p>Nach zweij\u00e4hriger Corona bedingter Pause fand am 10.Juli 2022 das 133. Gauturnfest statt. Doch stand das Turnfest in diesem Jahr unter keinem guten Stern. Fragte ich 2019 noch \u201eDurststrecke beim Gauturnfest beendet?\u201c, stand das diesj\u00e4hrige kurz vor der Absage. Hatten sich bis kurz vor Meldeschluss doch nur knapp 50 Teilnehmende angemeldet. Ein Aufruf \u00fcber die Homepage des Turngaus und direktes ansprechen der einzelnen Vereine, brachte doch noch etwas Abhilfe. Von 140 Meldungen nahmen letztendlich 123 Kinder, Jugendliche und Erwachsene an dem Sportfest teil.<\/p>\n<p>Aufgrund der geringen Teilnehmerzahl wurde der Zeitplan kurzfristig ge\u00e4ndert, dies haben aber leider nicht alle Vereine rechtzeitig erfahren und so kamen einige Teilnehmer erst zu der urspr\u00fcnglich festgesetzten Startzeit oder wurden noch von bereits erschienen Vereinsmitglieder aus dem Bett geholt.<\/p>\n<p>Trotz aller Unzul\u00e4nglichkeiten hat der Gauvorsitzende Christian Mattiseck mit seinem Team noch das bestm\u00f6gliche daraus gemacht.<\/p>\n<p>Jetzt bleibt nur zu hoffen, dass dieser Warnschuss rechtzeitig kam und dass das 134. Gauturnfest und weitere Turnfeste stattfinden und sich wieder Vereine als Ausrichter finden.<\/p>\n<p><strong>Leichtathleten erstmals in der \u00dcberzahl?<\/strong><\/p>\n<p>Zum ersten Mal seit Jahren, wenn \u00fcberhaupt, \u00fcbertraf die Anzahl der Teilnehmenden bei den leichtathletischen Wettk\u00e4mpfen die der turnerischen Wettk\u00e4mpfe.<\/p>\n<p>Von den 16 Teilnehmenden der Turngemeinde geh\u00f6ren 11 der Leichtathletikabteilung an.<\/p>\n<p>Nat\u00fcrlich waren unsere Jungs \u00fcber die fr\u00fchere Startzeit nicht erfreut, mussten sie doch wesentlich fr\u00fcher, als urspr\u00fcnglich geplant, das Bett verlassen. Dies tat aber den von ihnen gezeigten Leistungen keinen Abbruch.<\/p>\n<p>Lars, der beim Landeskinderturnfest in Frankfurt noch den 2. Platz belegte, h\u00e4tte mit der heutigen Leistung dort ganz \u00fcberlegen gewonnen. Im Weitsprung stellte er mit 4,08 m eine neue pers\u00f6nliche Bestleistung auf. Ich kann mich nicht daran erinnern, dass im Turngau ein 10-j\u00e4hriger schon einmal weiter gesprungen w\u00e4re.<\/p>\n<p><strong>Bei der Siegerehrung vergessen<\/strong><\/p>\n<p>Frido konnte nicht ganz an die Leistungen des letzten Wettkampfes in Auringen ankn\u00fcpfen, aber er best\u00e4tigte seine gute Form und gewann wie Lars seinen Wettkampf ganz \u00fcberlegen. Leider passierte genau das, was nicht passieren d\u00fcrfte. Bei der Siegerehrung wurden die 8-j\u00e4hrigen Jungs geehrt, danach sollten normal die 7-j\u00e4hrigen geehrt werden \u2013 aber nein &#8211; es folgten die 6-j\u00e4hrigen. Die Jungs waren ganz baff und manch einem standen die Tr\u00e4nen in den Augen. Schnell kl\u00e4rte sich, warum dieser Wettkampf nicht aufgerufen wurde. Anscheinend hat der Drucker die Urkunden auf seinem Speiseplan gehabt, denn die Urkunden kamen nicht aus dem Drucker. Die Jungs wurden sp\u00e4ter dann doch noch geehrt, jeder bekam seine Medaille und die Urkunden werden nachgesendet. Es kam letztendlich doch noch zu einem Happy-End.<\/p>\n<p>F\u00fcr die beiden anderen Jungs, Fabian und Moritz war es neben den Vereinsmeisterschaften der erste gro\u00dfe Wettkampf. Beide schlugen sich sehr gut und k\u00f6nnen mit Ihren Leistungen mehr als zufrieden sein.<\/p>\n<p>Auch unsere M\u00e4dchen haben einen sehr guten Wettkampf gemacht. So belegte Sophia einen hervorragenden 2. Platz. Hier wurde die Siegerin erst in der letzten Disziplin, dem Ballwurf, ermittelt.<\/p>\n<p>Finja und Carla konnten ihre Leistungen von Auringen best\u00e4tigen, verfehlten den Sprung auf das Podium aber mit 0,2 Punkten denkbar knapp. Lina, sie ist erst seit Mai bei uns, war es eine neue Erfahrung. Mit ihrer gezeigten Leistung kann Lina mehr als zufrieden sein. Wir Trainer sind es auf jeden Fall.<\/p>\n<p>Nika fehlten in der Endabrechnung ebenfalls nur mickrige 0,2 P\u00fcnktchen zu einer Platzierung auf dem Siegerpodest. Julia, die Wettkampferfahrenste, konnte sich gegen\u00fcber dem letzten Wettkampf in Auringen nochmals steigern und verwies ihre direkten Konkurrenten auf die Pl\u00e4tze.<\/p>\n<p>Unsere j\u00fcngste Starterin Luise (7 Jahre), wurde zur \u00dcberraschung aller, in ihrem Wettkampf nur Zweite. Obwohl Luise eine Sekunde schneller lief und 70 cm weiter sprang stehen beim Wurf die 28 m der Siegerin, den 11m von Luise als zweitbeste Werferin gegen\u00fcber. Zweifel an dieser Wurfweite d\u00fcrfen hier berechtigterweise aufkommen, zumal alle anderen sich mit ihrer Wurfweite noch hinter Luise einreihten.<\/p>\n<p>Nachdem die Kinder mit ihrem Wettkampf fertig waren, startete Fabian B. bei den Erwachsenen mit seinem Wettkampf. Unter dem Jubel und den Anfeuerungsrufen der Kinder zeigte Fabian eine sehr gute Wettkampfleistung. Als bester Leichtathlet belegte er nach zwei Turnern im Wahlvierkampf einen \u00fcberragenden dritten Platz.<\/p>\n<p>Zum Abschluss m\u00f6chte ich mich noch bei allen Eltern, welche die Kinder und uns Trainerteam, ob als Kampfrichter oder Helfer, unterst\u00fctzen bedanken. Ohne das mitwirken der Eltern k\u00f6nnten auch wir nicht in so gro\u00dfer Zahl an den Wettk\u00e4mpfen teilnehmen. Vielen Dank an Alle.<\/p>\n","protected":false},"excerpt":{"rendered":"<p>Aufruf des Gauvorstandes trug Fr\u00fcchte Nach zweij\u00e4hriger Corona bedingter Pause fand am 10.Juli 2022 das 133. Gauturnfest statt. Doch stand das Turnfest in diesem Jahr unter keinem guten Stern. Fragte [&hellip;]<\/p>\n","protected":false},"author":10,"featured_media":1068,"comment_status":"closed","ping_status":"closed","sticky":false,"template":"","format":"standard","meta":{"_acf_changed":false,"footnotes":""},"categories":[22],"tags":[],"class_list":["post-3503","post","type-post","status-publish","format-standard","has-post-thumbnail","hentry","category-leichtathletik"],"acf":[],"publishpress_future_action":{"enabled":false,"date":"2026-05-06 21:38:53","action":"change-status","newStatus":"draft","terms":[],"taxonomy":"category","extraData":[]},"publishpress_future_workflow_manual_trigger":{"enabledWorkflows":[]},"_links":{"self":[{"href":"https:\/\/tg-schierstein.de\/index.php?rest_route=\/wp\/v2\/posts\/3503","targetHints":{"allow":["GET"]}}],"collection":[{"href":"https:\/\/tg-schierstein.de\/index.php?rest_route=\/wp\/v2\/posts"}],"about":[{"href":"https:\/\/tg-schierstein.de\/index.php?rest_route=\/wp\/v2\/types\/post"}],"author":[{"embeddable":true,"href":"https:\/\/tg-schierstein.de\/index.php?rest_route=\/wp\/v2\/users\/10"}],"replies":[{"embeddable":true,"href":"https:\/\/tg-schierstein.de\/index.php?rest_route=%2Fwp%2Fv2%2Fcomments&post=3503"}],"version-history":[{"count":0,"href":"https:\/\/tg-schierstein.de\/index.php?rest_route=\/wp\/v2\/posts\/3503\/revisions"}],"wp:featuredmedia":[{"embeddable":true,"href":"https:\/\/tg-schierstein.de\/index.php?rest_route=\/wp\/v2\/media\/1068"}],"wp:attachment":[{"href":"https:\/\/tg-schierstein.de\/index.php?rest_route=%2Fwp%2Fv2%2Fmedia&parent=3503"}],"wp:term":[{"taxonomy":"category","embeddable":true,"href":"https:\/\/tg-schierstein.de\/index.php?rest_route=%2Fwp%2Fv2%2Fcategories&post=3503"},{"taxonomy":"post_tag","embeddable":true,"href":"https:\/\/tg-schierstein.de\/index.php?rest_route=%2Fwp%2Fv2%2Ftags&post=3503"}],"curies":[{"name":"wp","href":"https:\/\/api.w.org\/{rel}","templated":true}]}}