{"id":3484,"date":"2022-09-25T21:00:55","date_gmt":"2022-09-25T19:00:55","guid":{"rendered":"https:\/\/test.tg-schierstein.de\/?p=3484"},"modified":"2023-01-01T22:55:23","modified_gmt":"2023-01-01T21:55:23","slug":"m1-bol-tg-schierstein-tus-holzheim-ii-3131-1316","status":"publish","type":"post","link":"https:\/\/tg-schierstein.de\/?p=3484","title":{"rendered":"M1 | BOL | TG Schierstein \u2013 TuS Holzheim II 31:31 (13:16)"},"content":{"rendered":"<p><strong>Comeback!<\/strong><\/p>\n<p>Das war ein spannender Sonntagabend-Krimi in bester Tatort Manier, den die zahlreich erschienenen Zuschauer und Anh\u00e4nger beider Teams erlebten. Die Stimmung in der Halle war gut, Hallensprecher Dennis unterhielt gekonnt, die TG Trommler sorgten f\u00fcr lautstarke Unterst\u00fctzung.<\/p>\n<p>Leider ging unsere M1 auch in diese Partie stark ersatzgeschw\u00e4cht: mit Wrede, B\u00fcttner, Battermann, K. Schubert, Stolic, Frohn fehlten wieder gleich mehrere wichtige Spieler. Das Team hielt aber zusammen und stemmte sich gegen die drohende Niederlage. Die Holzheimer Reserve-angereist mit breitem Kader und breiter Brust spielte sehr diszipliniert und fand immer wieder L\u00fccken im Schiersteiner Deckungsverband. Dazu hatten sie im stark aufspielenden M. Schyga einen hervorragenden Entscheider auf der Platte.<\/p>\n<p>Bei der TG war im Angriff deutlich anzumerken, dass ein Kreisl\u00e4ufer fehlte, Sean Unger aus der A-Jugend machte seine Sache gut, es fehlte aber die Feinabstimmung. So wurde vorne der Ball ganz gut laufen gelassen und trotz vieler liegengelassener Chancen auch reichlich Tore geworfen, doch im Gegensatz zu letzter Woche dr\u00fcckte diesmal der Schuh in der Defensive. 31 Gegentore sind definitiv zu viele und beim 22:27 glaubten wohl nur die wenigsten in der Halle noch an einen Punktgewinn.<\/p>\n<p>Doch die Jungs um den starken Max Klein zeigten Comeback-Qualit\u00e4ten, Herz, Einsatz und Leidenschaft und erk\u00e4mpften sich noch den Punkt. Nach dem Spielverlauf &#8211; die TG rannte \u00fcber 60 Minuten einem 1:5 Fehlstart hinterher, war es sicherlich ein Punktgewinn und ein Sieg f\u00fcr die Moral.<\/p>\n<p>Beim anschlie\u00dfenden Abendessen im Schiersteiner Lokal \u201eGrunsels B\u00f6rnchen\u201c war die Stimmung auf jeden Fall gut und die sportliche Einordung des Spielverlaufes des Trainerteams durchaus auch positiv. Denn neben vielen Kritikpunkten muss man sehen: die Jungen machten ihre Sache sehr gut. Wenn die arrivierten Spieler mal nicht ihren besten Tag erwischen oder fehlen, kann sich das Team auf die Jungen verlassen, die einsprangen und Gas gaben. Das stimmt uns zuversichtlich f\u00fcr den weiteren Saisonverlauf und die Zukunft.<\/p>\n<p>F\u00fcr die TG erk\u00e4mpften den Punkt:<br \/>\nMoller, Bonin, Unger 1, Menges 7, Stasauskas 1, Teuner 1, Schafmeister 11, Deveci, M. Schubert 5, Bienefeld 3, Klein 2<\/p>\n<p>N\u00e4chste Woche fahren unsere M\u00e4nner zum Tabellenf\u00fchrer und Aufstiegsfavoriten in Oberursel. Hier kann das Team befreit aufspielen, hat es doch nichts zu verlieren und die Favoritenrolle ist klar verteilt. Die Hafenst\u00e4dter m\u00fcssen -bis alle Verletzten wieder dabei sind- eng zusammenr\u00fccken, auf die Z\u00e4hne bei\u00dfen und zusammenhalten-wie sie das gestern schon bewiesen haben.<\/p>\n","protected":false},"excerpt":{"rendered":"<p>Comeback! Das war ein spannender Sonntagabend-Krimi in bester Tatort Manier, den die zahlreich erschienenen Zuschauer und Anh\u00e4nger beider Teams erlebten. Die Stimmung in der Halle war gut, Hallensprecher Dennis unterhielt [&hellip;]<\/p>\n","protected":false},"author":4,"featured_media":1067,"comment_status":"closed","ping_status":"closed","sticky":false,"template":"","format":"standard","meta":{"_acf_changed":false,"footnotes":""},"categories":[25],"tags":[],"class_list":["post-3484","post","type-post","status-publish","format-standard","has-post-thumbnail","hentry","category-handball"],"acf":[],"publishpress_future_action":{"enabled":false,"date":"2026-05-06 21:37:49","action":"change-status","newStatus":"draft","terms":[],"taxonomy":"category","extraData":[]},"publishpress_future_workflow_manual_trigger":{"enabledWorkflows":[]},"_links":{"self":[{"href":"https:\/\/tg-schierstein.de\/index.php?rest_route=\/wp\/v2\/posts\/3484","targetHints":{"allow":["GET"]}}],"collection":[{"href":"https:\/\/tg-schierstein.de\/index.php?rest_route=\/wp\/v2\/posts"}],"about":[{"href":"https:\/\/tg-schierstein.de\/index.php?rest_route=\/wp\/v2\/types\/post"}],"author":[{"embeddable":true,"href":"https:\/\/tg-schierstein.de\/index.php?rest_route=\/wp\/v2\/users\/4"}],"replies":[{"embeddable":true,"href":"https:\/\/tg-schierstein.de\/index.php?rest_route=%2Fwp%2Fv2%2Fcomments&post=3484"}],"version-history":[{"count":0,"href":"https:\/\/tg-schierstein.de\/index.php?rest_route=\/wp\/v2\/posts\/3484\/revisions"}],"wp:featuredmedia":[{"embeddable":true,"href":"https:\/\/tg-schierstein.de\/index.php?rest_route=\/wp\/v2\/media\/1067"}],"wp:attachment":[{"href":"https:\/\/tg-schierstein.de\/index.php?rest_route=%2Fwp%2Fv2%2Fmedia&parent=3484"}],"wp:term":[{"taxonomy":"category","embeddable":true,"href":"https:\/\/tg-schierstein.de\/index.php?rest_route=%2Fwp%2Fv2%2Fcategories&post=3484"},{"taxonomy":"post_tag","embeddable":true,"href":"https:\/\/tg-schierstein.de\/index.php?rest_route=%2Fwp%2Fv2%2Ftags&post=3484"}],"curies":[{"name":"wp","href":"https:\/\/api.w.org\/{rel}","templated":true}]}}