{"id":3481,"date":"2022-09-25T16:00:58","date_gmt":"2022-09-25T14:00:58","guid":{"rendered":"https:\/\/test.tg-schierstein.de\/?p=3481"},"modified":"2023-01-01T22:53:49","modified_gmt":"2023-01-01T21:53:49","slug":"mja-bol-tg-schierstein-hsg-bik-wiesbaden-3327-1713","status":"publish","type":"post","link":"https:\/\/tg-schierstein.de\/?p=3481","title":{"rendered":"mJA | BOL | TG Schierstein \u2013 HSG BIK Wiesbaden 33:27 (17:13)"},"content":{"rendered":"<p><strong>Erstes Saisonspiel<\/strong><\/p>\n<p>Der lang ersehnte Saisonstart stand endlich an! Am Sonntag starteten die Jungs den langen ersten TG-Heimspieltag. Leider konnten wir krankheits- und verletzungsbedingt nicht in kompletter St\u00e4rke antreten, aber die Jungs waren hei\u00df und gut vorbereitet, so schien es\u2026.<\/p>\n<p>Aber auch der Gegner trat Ersatzgeschw\u00e4cht und dezimiert an, ging auch direkt zu Beginn in F\u00fchrung und hielt diese in den ersten 10 Minuten, wenn auch nur knapp. Nach dem ersten Drittel fingen sich die Jungs und konnten das erste Mal die F\u00fchrung selbst \u00fcbernehmen. Ab da konnte der Vorsprung immer wieder leicht ausgebaut werden, aber BIK lie\u00df nie nach und setzte immer wieder kleine Nadelstiche.<\/p>\n<p>Zur Halbzeit ging es, trotz nicht ganz \u00fcberzeugender Abwehrleistung, mit einem 4-Tore Vorsprung in die Pause. Nach Wiederanpfiff taten sich die Jungs wieder etwas schwer mit einigen unn\u00f6tigen Fehlw\u00fcrfen und technischen Fehlern, konnten sich aber ab der 42. Minute entscheidend absetzen, sodass ab der Crunchtime die F\u00fchrung bis zum Schlusspfiff verteidigt werden konnte. Dabei haben unsere Au\u00dfenspieler Till und Felix mit guten \u00dcberlauf- und frei rausgespielten W\u00fcrfen ein starkes Spiel abgeliefert. Auch Lysander hat gerade in den schw\u00e4cheren Phasen der Abwehr gezeigt, was gute Trainingsleistung ausmacht und der Truppe den R\u00fccken st\u00e4rken k\u00f6nnen!<\/p>\n<p>Alles in allem ein erfolgreicher Start, wenn auch ausbauf\u00e4hig, aber mit toller Unterst\u00fctzung von den Zuschauerr\u00e4ngen durch unsere Jungs der mJC!<\/p>\n<p>Am kommenden Sonntag geht\u2019s nach Eppstein zur mJA der HSG EppLa und freuen uns auf ein Wiedersehen mit den Jungs und tauschen sicher noch ein paar gemeinsame Turniererlebnisse im Odenwald aus \ud83d\ude09<\/p>\n<p><strong>2. Oktober um 12.00 Uhr in Eppstein Am Bienroth gegen die HSG EppLa<\/strong><\/p>\n","protected":false},"excerpt":{"rendered":"<p>Erstes Saisonspiel Der lang ersehnte Saisonstart stand endlich an! Am Sonntag starteten die Jungs den langen ersten TG-Heimspieltag. Leider konnten wir krankheits- und verletzungsbedingt nicht in kompletter St\u00e4rke antreten, aber [&hellip;]<\/p>\n","protected":false},"author":17,"featured_media":1067,"comment_status":"closed","ping_status":"closed","sticky":false,"template":"","format":"standard","meta":{"_acf_changed":false,"footnotes":""},"categories":[25],"tags":[],"class_list":["post-3481","post","type-post","status-publish","format-standard","has-post-thumbnail","hentry","category-handball"],"acf":[],"publishpress_future_action":{"enabled":false,"date":"2026-05-06 22:43:12","action":"change-status","newStatus":"draft","terms":[],"taxonomy":"category","extraData":[]},"publishpress_future_workflow_manual_trigger":{"enabledWorkflows":[]},"_links":{"self":[{"href":"https:\/\/tg-schierstein.de\/index.php?rest_route=\/wp\/v2\/posts\/3481","targetHints":{"allow":["GET"]}}],"collection":[{"href":"https:\/\/tg-schierstein.de\/index.php?rest_route=\/wp\/v2\/posts"}],"about":[{"href":"https:\/\/tg-schierstein.de\/index.php?rest_route=\/wp\/v2\/types\/post"}],"author":[{"embeddable":true,"href":"https:\/\/tg-schierstein.de\/index.php?rest_route=\/wp\/v2\/users\/17"}],"replies":[{"embeddable":true,"href":"https:\/\/tg-schierstein.de\/index.php?rest_route=%2Fwp%2Fv2%2Fcomments&post=3481"}],"version-history":[{"count":0,"href":"https:\/\/tg-schierstein.de\/index.php?rest_route=\/wp\/v2\/posts\/3481\/revisions"}],"wp:featuredmedia":[{"embeddable":true,"href":"https:\/\/tg-schierstein.de\/index.php?rest_route=\/wp\/v2\/media\/1067"}],"wp:attachment":[{"href":"https:\/\/tg-schierstein.de\/index.php?rest_route=%2Fwp%2Fv2%2Fmedia&parent=3481"}],"wp:term":[{"taxonomy":"category","embeddable":true,"href":"https:\/\/tg-schierstein.de\/index.php?rest_route=%2Fwp%2Fv2%2Fcategories&post=3481"},{"taxonomy":"post_tag","embeddable":true,"href":"https:\/\/tg-schierstein.de\/index.php?rest_route=%2Fwp%2Fv2%2Ftags&post=3481"}],"curies":[{"name":"wp","href":"https:\/\/api.w.org\/{rel}","templated":true}]}}