{"id":3463,"date":"2022-09-14T13:45:31","date_gmt":"2022-09-14T11:45:31","guid":{"rendered":"https:\/\/test.tg-schierstein.de\/?p=3463"},"modified":"2023-01-01T22:38:35","modified_gmt":"2023-01-01T21:38:35","slug":"c1-hhv-oberliga-hessen-mitte","status":"publish","type":"post","link":"https:\/\/tg-schierstein.de\/?p=3463","title":{"rendered":"C1 | HHV Oberliga Hessen Mitte"},"content":{"rendered":"<p><strong>Vorbericht C1<br \/>\n<\/strong><\/p>\n<p>So\u2026nun ist es also so weit: die HHV-Oberliga Saison startet. Und mittendrin befindet sich ein neues Gesicht: die C1 der TG Schierstein.<\/p>\n<p>Die Jungs haben sich in einem echten Quali-Marathon ihren Startplatz f\u00fcr die h\u00f6chste Spielklasse Hessens gesichert und fiebern nun dem Start entgegen. Eine echte Team-Vorbereitung fiel leider den Schulferien und der doch sehr verteilten Urlaubsplanung aller Spielerfamilien zum Opfer, doch die Jungs hatten sportliche Hausaufgaben zu absolvieren und taten das auch gewissenhaft.<\/p>\n<p>Mit Schulbeginn trainieren die Jungs wieder flei\u00dfig zusammen und hatten letztes Wochenende ein durch Marcus M\u00fchling und die Elternschaft perfektes kleines Vorbereitungsturnier mit dem TuS Dotzheim (28:24) und dem TSV Pfungstadt (31:35). Hier sah man schon, dass wir noch einige Abstimmungsprobleme haben, aber auch viele gute Ans\u00e4tze. So m\u00fcssen u.a. die drei mit einem Doppelspielrecht ausgestatteten Neuzug\u00e4nge Konrad, Fredi und Finn erst noch in alle Abl\u00e4ufe eingeweiht werden. Aber auch alle anderen Spieler m\u00fcssen sich nach sechs Wochen \u201eballfrei\u201c erstmal wieder an die Belastung eines Handballspieles gew\u00f6hnen.<\/p>\n<p>In der Oberliga-Saison steht das Motto: Lernen von den Besten und <strong>Entwicklung<\/strong> im Vordergrund. Alle freuen sich auf die Saison und auf Spiele mit Hessens st\u00e4rksten Teams.<\/p>\n<p>Kommt vorbei und unterst\u00fctzt unsere Jungs dabei, die TG auch in Hessen publik zu machen. Das erste Spiel findet diesen Samstag in Lollar\/R\u00fcttershausen statt, bevor am<\/p>\n<p><strong>Sonntag, 25.9. 12.30 Uhr Sporthalle Schelmengraben<\/strong><br \/>\n<strong>das erste Heimspiel gegen die mJSG Heuchelheim\/Bieber ansteht.<\/strong><\/p>\n<p>Es freut sich auf die Saison\u2026<br \/>\nEure C1 der TG Schierstein<\/p>\n","protected":false},"excerpt":{"rendered":"<p>Vorbericht C1 So\u2026nun ist es also so weit: die HHV-Oberliga Saison startet. Und mittendrin befindet sich ein neues Gesicht: die C1 der TG Schierstein. Die Jungs haben sich in einem [&hellip;]<\/p>\n","protected":false},"author":4,"featured_media":1067,"comment_status":"closed","ping_status":"closed","sticky":false,"template":"","format":"standard","meta":{"_acf_changed":false,"footnotes":""},"categories":[25],"tags":[],"class_list":["post-3463","post","type-post","status-publish","format-standard","has-post-thumbnail","hentry","category-handball"],"acf":[],"publishpress_future_action":{"enabled":false,"date":"2026-05-07 04:30:29","action":"change-status","newStatus":"draft","terms":[],"taxonomy":"category","extraData":[]},"publishpress_future_workflow_manual_trigger":{"enabledWorkflows":[]},"_links":{"self":[{"href":"https:\/\/tg-schierstein.de\/index.php?rest_route=\/wp\/v2\/posts\/3463","targetHints":{"allow":["GET"]}}],"collection":[{"href":"https:\/\/tg-schierstein.de\/index.php?rest_route=\/wp\/v2\/posts"}],"about":[{"href":"https:\/\/tg-schierstein.de\/index.php?rest_route=\/wp\/v2\/types\/post"}],"author":[{"embeddable":true,"href":"https:\/\/tg-schierstein.de\/index.php?rest_route=\/wp\/v2\/users\/4"}],"replies":[{"embeddable":true,"href":"https:\/\/tg-schierstein.de\/index.php?rest_route=%2Fwp%2Fv2%2Fcomments&post=3463"}],"version-history":[{"count":0,"href":"https:\/\/tg-schierstein.de\/index.php?rest_route=\/wp\/v2\/posts\/3463\/revisions"}],"wp:featuredmedia":[{"embeddable":true,"href":"https:\/\/tg-schierstein.de\/index.php?rest_route=\/wp\/v2\/media\/1067"}],"wp:attachment":[{"href":"https:\/\/tg-schierstein.de\/index.php?rest_route=%2Fwp%2Fv2%2Fmedia&parent=3463"}],"wp:term":[{"taxonomy":"category","embeddable":true,"href":"https:\/\/tg-schierstein.de\/index.php?rest_route=%2Fwp%2Fv2%2Fcategories&post=3463"},{"taxonomy":"post_tag","embeddable":true,"href":"https:\/\/tg-schierstein.de\/index.php?rest_route=%2Fwp%2Fv2%2Ftags&post=3463"}],"curies":[{"name":"wp","href":"https:\/\/api.w.org\/{rel}","templated":true}]}}