{"id":3448,"date":"2022-06-18T12:31:34","date_gmt":"2022-06-18T10:31:34","guid":{"rendered":"https:\/\/test.tg-schierstein.de\/?p=3448"},"modified":"2023-01-01T22:26:16","modified_gmt":"2023-01-01T21:26:16","slug":"schubert-kommt-zurueck","status":"publish","type":"post","link":"https:\/\/tg-schierstein.de\/?p=3448","title":{"rendered":"Schubert kommt zur\u00fcck\u2026"},"content":{"rendered":"<p><strong>Weiterer Neuzugang f\u00fcr unsere M1<\/strong><\/p>\n<p>Moritz Schubert wird in der kommenden Saison wieder das Schiersteiner Trikot tragen. Und (wahrscheinlich) somit bei den Hafenst\u00e4dtern seine lange und erfolgreiche Handballer-Karriere beenden. So schlie\u00dft sich der Kreis, fing der schon immer wurfgewaltige Linksh\u00e4nder doch in Schierstein mit dem Handballspielen an. Interessanter Weise unter dem damaligen E-Jugendtrainer der TG Schierstein, Christian Fleischer.<\/p>\n<p>Schon 2018, als die TG in der BOL f\u00fcr Furore sorgte und als Aufsteiger haarknapp den Landesliga-Durchmarsch verpasste, war Moritz mit von der Partie und erlebte das Schiersteiner Drama hautnah. \u201eSch\u00f6n, dass Moritz sich f\u00fcr uns entschieden hat. Ich glaube, er will hier noch was zu Ende bringen. Mit ihm werden wir noch unberechenbarer. Gemeinsam mit S\u00f6ren und Max kann er unsere Jungen auf dem Feld leiten und auch neben dem Platz mit Rat und Tat beiseite stehen\u201c schaut Team-Manager Christoph Grabowski optimistisch in die Zukunft. Auch Coach Fleischer freut sich \u00fcber den Altbekannten: \u201eIch wusste, dass Moritz nochmal zur TG zur\u00fcckkommt, in welcher Funktion auch immer\u2026dass es nochmal als Spieler passiert, ist f\u00fcr uns ein absoluter Gl\u00fccksfall\u201c.<\/p>\n<p>Ab dem 01.07.2022 wird die M1 in die Vorbereitung einsteigen und sich auf die am 10.09.2022 beginnende Runde vorbereiten. Viel Spa\u00df und Gl\u00fcck bei der Vorbereitung, M\u00e4nner und<\/p>\n<p>Willkommen zur\u00fcck, Moe!<\/p>\n","protected":false},"excerpt":{"rendered":"<p>Weiterer Neuzugang f\u00fcr unsere M1 Moritz Schubert wird in der kommenden Saison wieder das Schiersteiner Trikot tragen. Und (wahrscheinlich) somit bei den Hafenst\u00e4dtern seine lange und erfolgreiche Handballer-Karriere beenden. So [&hellip;]<\/p>\n","protected":false},"author":4,"featured_media":1067,"comment_status":"closed","ping_status":"closed","sticky":false,"template":"","format":"standard","meta":{"_acf_changed":false,"footnotes":""},"categories":[25],"tags":[],"class_list":["post-3448","post","type-post","status-publish","format-standard","has-post-thumbnail","hentry","category-handball"],"acf":[],"publishpress_future_action":{"enabled":false,"date":"2026-05-07 02:04:26","action":"change-status","newStatus":"draft","terms":[],"taxonomy":"category","extraData":[]},"publishpress_future_workflow_manual_trigger":{"enabledWorkflows":[]},"_links":{"self":[{"href":"https:\/\/tg-schierstein.de\/index.php?rest_route=\/wp\/v2\/posts\/3448","targetHints":{"allow":["GET"]}}],"collection":[{"href":"https:\/\/tg-schierstein.de\/index.php?rest_route=\/wp\/v2\/posts"}],"about":[{"href":"https:\/\/tg-schierstein.de\/index.php?rest_route=\/wp\/v2\/types\/post"}],"author":[{"embeddable":true,"href":"https:\/\/tg-schierstein.de\/index.php?rest_route=\/wp\/v2\/users\/4"}],"replies":[{"embeddable":true,"href":"https:\/\/tg-schierstein.de\/index.php?rest_route=%2Fwp%2Fv2%2Fcomments&post=3448"}],"version-history":[{"count":0,"href":"https:\/\/tg-schierstein.de\/index.php?rest_route=\/wp\/v2\/posts\/3448\/revisions"}],"wp:featuredmedia":[{"embeddable":true,"href":"https:\/\/tg-schierstein.de\/index.php?rest_route=\/wp\/v2\/media\/1067"}],"wp:attachment":[{"href":"https:\/\/tg-schierstein.de\/index.php?rest_route=%2Fwp%2Fv2%2Fmedia&parent=3448"}],"wp:term":[{"taxonomy":"category","embeddable":true,"href":"https:\/\/tg-schierstein.de\/index.php?rest_route=%2Fwp%2Fv2%2Fcategories&post=3448"},{"taxonomy":"post_tag","embeddable":true,"href":"https:\/\/tg-schierstein.de\/index.php?rest_route=%2Fwp%2Fv2%2Ftags&post=3448"}],"curies":[{"name":"wp","href":"https:\/\/api.w.org\/{rel}","templated":true}]}}