{"id":3445,"date":"2022-06-13T15:42:41","date_gmt":"2022-06-13T13:42:41","guid":{"rendered":"https:\/\/test.tg-schierstein.de\/?p=3445"},"modified":"2023-01-01T22:25:25","modified_gmt":"2023-01-01T21:25:25","slug":"kinderleichtathletiksportfest-am-12-06-2022-in-auringen","status":"publish","type":"post","link":"https:\/\/tg-schierstein.de\/?p=3445","title":{"rendered":"Kinderleichtathletiksportfest am 12.06.2022 in Auringen"},"content":{"rendered":"<p>Nach mehr als 2-j\u00e4hriger, Corona bedingter Wettkampfpause fand am 12.06. ein vom Turngau Mitteltaunus, im Rahmen der Auringer Kulturtage, ausgerichtetes Leichtathletiksportfest statt. Die Freude sich endlich wieder mit anderen Kindern auf einem Wettkampf sportlich messen zu k\u00f6nnen war riesengro\u00df. So nahmen wir mit 12 Kindern an diesem Wettkampf teil. Herzlichen Dank auch an alle Eltern, die sich als Kampfrichter zur Verf\u00fcgung gestellt haben. Nur mit Eurer Hilfe kann so ein Sportfest \u00fcberhaupt ausgerichtet werden.<\/p>\n<p>Normalerweise schreibe ich ja immer einen Bericht \u00fcber die Wettk\u00e4mpfe an denen wir teilnehmen. Da ich aber leider in Auringen nicht dabei war kann ich selbst keinen Artikel schreiben. Damit wir uns aber in der TGS-Informiert bzw. auf der Homepage pr\u00e4sentieren k\u00f6nnen, habe ich den j\u00fcngeren Kindern 3 Fragen gestellt welche sie beantworten sollten.<\/p>\n<p>Folgende Fragen wurden den Kindern gestellt:<\/p>\n<p><strong>1.Frage:<br \/>\n<\/strong>Es war f\u00fcr die meisten von Euch der erste Wettkampf an dem Ihr teilgenommen habt. Was hat Euch besonders gut gefallen?<\/p>\n<p><strong>Antworten der Kinder auf die 1.Frage<\/strong><\/p>\n<p><strong>Carla (9)<\/strong> \u00a0\u00a0\u00a0\u00a0\u00a0\u00a0\u00a0 Das Tischtennis im Rahmenproramm<br \/>\n<strong>Julia (8)<\/strong> \u00a0\u00a0\u00a0\u00a0\u00a0\u00a0\u00a0\u00a0 Einfach alles<br \/>\n<strong>Frido (7) \u00a0\u00a0\u00a0\u00a0\u00a0\u00a0\u00a0 <\/strong>Am meisten hat mir der Weitsprung gefallen, weil ich sch\u00f6n weit gesprungen bin.<br \/>\n<strong>Jonas (9)<\/strong> \u00a0\u00a0\u00a0\u00a0\u00a0\u00a0 Die Stempel-Aktion im Rahmenprogramm<br \/>\n<strong>Penelope (8)<\/strong> Mir haben der Weitsprung und der R\u00e4dchen-Parcours am besten gefallen.<br \/>\n<strong>Finja (9)<\/strong>\u00a0\u00a0\u00a0\u00a0\u00a0\u00a0\u00a0\u00a0\u00a0 Das war der dritte und sch\u00f6nste Wettkampf an dem ich teilgenommen habe. Es gab eine H\u00fcpfburg, Carrerabahn, Tischtennis, man hat Stempel an den Stationen gesammelt und konnte sich daf\u00fcr etwas holen.<\/p>\n<p><strong>2.Frage:<\/strong><\/p>\n<p>Ihr habt doch sicher eine Urkunde bekommen? Jetzt verratet Ihr mir doch Eure Platzierung und ob Ihr mit Eurer Leistung zufrieden seid.<\/p>\n<p><strong>Antworten der Kinder auf die 2.Frage<\/strong><\/p>\n<p><strong>Carla<\/strong> \u00a0\u00a0\u00a0\u00a0\u00a0\u00a0\u00a0\u00a0\u00a0\u00a0\u00a0\u00a0 Ich habe den 4. Platz gemacht und bin einigerma\u00dfen zufrieden.<br \/>\n<strong>Julia<\/strong> \u00a0\u00a0\u00a0\u00a0\u00a0\u00a0\u00a0\u00a0\u00a0\u00a0\u00a0\u00a0\u00a0 Ich habe den 4. Platz gemacht und bin zufrieden<br \/>\n<strong>Frido \u00a0\u00a0\u00a0\u00a0\u00a0\u00a0\u00a0\u00a0\u00a0\u00a0\u00a0\u00a0 <\/strong>Ich habe den 1. Platz belegt und freue mich dar\u00fcber.<br \/>\n<strong>Jonas \u00a0\u00a0\u00a0\u00a0\u00a0\u00a0\u00a0\u00a0\u00a0\u00a0\u00a0 <\/strong>Ich bin zweiter geworden und ich bin zufrieden<br \/>\n<strong>Penelope \u00a0\u00a0\u00a0\u00a0\u00a0 <\/strong>Ich habe den 2. Platz belegt und bin mit mir zufrieden<strong>.<br \/>\n<\/strong><strong>Finja\u00a0\u00a0\u00a0\u00a0\u00a0\u00a0\u00a0\u00a0\u00a0\u00a0\u00a0\u00a0\u00a0\u00a0 <\/strong>Ich habe den 2. Paltz gemacht und beim Staffellauf war ich ganz vorne dabei. Ich bin echt zufrieden mit meiner Leistung.<\/p>\n<p><strong>3.Frage:<\/strong><\/p>\n<p>Freut Ihr euch schon auf den n\u00e4chsten Wettkampf und warum?<\/p>\n<p><strong>Antworten der Kinder auf die 3.Frage<\/strong><\/p>\n<p><strong>Carla<\/strong> \u00a0\u00a0\u00a0\u00a0\u00a0\u00a0\u00a0\u00a0\u00a0\u00a0\u00a0\u00a0 Ich freue mich, weil ich mich dann verbessern kann<br \/>\n<strong>Julia<\/strong> \u00a0\u00a0\u00a0\u00a0\u00a0\u00a0\u00a0\u00a0\u00a0\u00a0\u00a0\u00a0\u00a0 Ja, weil es Spa\u00df macht.<br \/>\n<strong>Frido \u00a0\u00a0\u00a0\u00a0\u00a0\u00a0\u00a0\u00a0\u00a0\u00a0\u00a0\u00a0 <\/strong>Wenn es Urkunden und Medaillen gibt, freue ich mich aufs n\u00e4chste Mal<br \/>\n<strong>Jonas \u00a0\u00a0\u00a0\u00a0\u00a0\u00a0\u00a0\u00a0\u00a0\u00a0\u00a0 <\/strong>Ja, weil es bestimmt lustig wird<br \/>\n<strong>Penelope \u00a0\u00a0\u00a0\u00a0\u00a0 <\/strong>Ja, weil ich die Chance habe den 1. Platz zu holen.<br \/>\n<strong>Finja<\/strong>\u00a0\u00a0\u00a0\u00a0\u00a0\u00a0\u00a0\u00a0\u00a0\u00a0\u00a0\u00a0\u00a0\u00a0 Oh, sehr sogar. Ich finde Wettk\u00e4mpfe immer sch\u00f6n. Ich liebe Weitsprung<\/p>\n<p>Die \u00e4lteren Jahrg\u00e4nge sollten anstelle der Fragen einen kleinen Bericht aus ihrer Sicht \u00fcber das Sportfest schreiben.<\/p>\n<p><strong>Bericht von Lavinia (12) und Sophia (11):<\/strong><\/p>\n<p><strong>\u00a0<\/strong>Dieses Jahr konnte endlich wieder ein Wettkampf stattfinden bei dem keine Corona-Ma\u00dfnahmen n\u00f6tig waren. Es gab viele verschiedene Sachen zum Zeitvertreiben f\u00fcr die Besucher*innen. Es war sehr warm und auf dem Platz gab es kaum Schatten. Zum Gl\u00fcck hatten wir zwischen den Disziplinen Pausen und wir konnten trinken. Bevor wir Weitsprung gemacht haben, mussten wir lange warten. Au\u00dferdem gab es als wir fertig waren eine Feuerwehr\u00fcbung. Vor der Siegerehrung haben wir uns an dem Kuchenbuffet bedient. Wir sind zufrieden mit unseren Leistungen, da wir den 1. Und 2. Platz belegt haben. Insgesamt war das Sportfest sehr sch\u00f6n.<\/p>\n<p><strong>Bericht von Hanna (14)<\/strong><strong>\u00a0<\/strong><\/p>\n<p>Mir hat der Wettkampf in Auringen gefallen. Jedoch war das Rahmenprogram meiner Meinung nach haupts\u00e4chlich f\u00fcr j\u00fcngere Kinder, was ich schade fand. Ich h\u00e4tte mir etwas mehr Programm f\u00fcr \u00e4ltere Kinder gew\u00fcnscht. Au\u00dferdem fand ich es nicht so gut, dass die Laufbahn keine richtige Tartanbahn war, so dass man beim Rennen ziemlich \u201egerutscht\u201c ist. Alles in allem war es aber ein sch\u00f6ner Wettkampf.<\/p>\n<p><strong>Bericht von Lukas (15)<\/strong><\/p>\n<p>Gegen 9 Uhr morgens trafen sich alle TG-Schierstein Leichtathleten beim Auringer Sportplatz, welcher aus einem gro\u00dfen Fu\u00dfballplatz mit Asche, einer bzw. zwei Sprunggruben, einem Kugelsto\u00dfring und drei Tennispl\u00e4tzen besteht. Das Wetter war hervorragend, also optimale Wettkampfvoraussetzungen. Nachdem wir uns als Gruppe aufgew\u00e4rmt hatten, wurden wir in die Riegen eingeteilt. In meiner Riege (2007-2009) waren wir nur etwas mehr als 5 Starter und waren dementsprechend schnell fertig. Wir begannen mit Kugelsto\u00dfen, danach ging es zum Sprint und zuletzt zum Sprung. F\u00fcr alles ben\u00f6tigten wir nicht einmal eine Stunde. Insgesamt war ich mit meinen Leistungen sehr zufrieden. \ud83d\ude42 Die meisten anderen Riegen bestanden aus 10-20 Kindern, deswegen dauerte es bei ihnen sehr viel l\u00e4nger. In der Zeit konnte man aber allerlei anderes tun, z.B. beim Kuchen-Buffet vorbeischauen, oder am Grill, der Feuerwehr bei L\u00f6sch\u00fcbungen zusehen, Tennis spielen oder auf die H\u00fcpfburg gehen. Alles in allem war das Sportfest in Auringen eine sehr sch\u00f6ne und abwechslungsreiche Veranstaltung.<\/p>\n<p><strong>Kinder- und Jugend Leichtathletiksportfest 2019<br \/>\n<\/strong><strong>Turngau Mitteltaunus am 12.06.2022 in Aurigen<br \/>\n<\/strong><strong>Ergebnisse<\/strong><\/p>\n<p><strong>\u00a0<\/strong><\/p>\n<p><strong><u>WK 002 &#8211; Leichtathletischer Dreikampf weiblich, 14 Jahre <\/u><\/strong><\/p>\n<ol>\n<li><strong> Hanna Werther 17,85 Punkte <\/strong><\/li>\n<\/ol>\n<p>75 m : 13,09 sec \/\/ Weit\/Zone : 3,54 m \/\/ Kugel 3,0kg.:\u00a0 4,29 m<\/p>\n<p><strong><u>WK# 003 &#8211; Leichtathletischer Dreikampf weiblich, 12 Jahre <\/u><\/strong><\/p>\n<ol>\n<li><strong> Lavinia Reitz 22,01 Punkte <\/strong><\/li>\n<\/ol>\n<p>50 m : 8,35 sec \/\/ Weit\/Zone: 3,51 m \/\/ Schlagball 80gr.:\u00a0 19,00 m<\/p>\n<p><strong><u>WK# 004 &#8211; Leichtathletischer Dreikampf weiblich, 11 Jahre <\/u><\/strong><\/p>\n<ol start=\"2\">\n<li><strong> Sophia Beierl 18,45 Punkte <\/strong><\/li>\n<\/ol>\n<p>50 m : 9,18 sec \/\/ Weit\/Zone : 3,29 m \/\/ Schlagball 80gr.: 15,0 m<\/p>\n<p><strong><u>WK# 006 &#8211; Leichtathletischer Dreikampf weiblich, 9 Jahre <\/u><\/strong><\/p>\n<ol start=\"2\">\n<li><strong> Finja Schulz 14,84 Punkte <\/strong><\/li>\n<\/ol>\n<p>50 m : 10,09 sec \/\/ Weit\/Zone: 2,71 m \/\/ Schlagball 80gr::\u00a0 13,00 m<\/p>\n<ol start=\"4\">\n<li><strong> Carla Honisch 14,28 Punkte <\/strong><\/li>\n<\/ol>\n<p>50 m : 9,97 sec \/\/ Weit\/Zone: 2,88 m \/\/ Schlagball 80gr::\u00a0 9,00 m<\/p>\n<p><strong><u>WK# 007 &#8211; Leichtathletischer Dreikampf weiblich, 8 Jahre <\/u><\/strong><\/p>\n<ol start=\"2\">\n<li><strong> Penelope Spengler 11,86 Punkte <\/strong><\/li>\n<\/ol>\n<p>50 m : 11,03 sec \/\/ Weit\/Zone: 1,92 m \/\/ Schlagball 80gr::\u00a0 10,00 m<\/p>\n<ol start=\"4\">\n<li><strong> Julia Worek 9,98 Punkte <\/strong><\/li>\n<\/ol>\n<p>50 m : 12,09 sec \/\/ Weit\/Zone: 2,11 m \/\/ Schlagball 80gr::\u00a0 11,00 m<\/p>\n<p><strong><u>WK# 009 &#8211; Leichtathletischer Dreikampf weiblich, 6 Jahre <\/u><\/strong><\/p>\n<ol>\n<li><strong> Lia Lauterbach 9,44 Punkte <\/strong><\/li>\n<\/ol>\n<p>50 m : 11,91 sec \/\/ Weit\/Zone: 2,15 m \/\/ Schlagball 80gr::\u00a0 8,00 m<\/p>\n<ol start=\"2\">\n<li><strong> Johanna Klarmann 6,75 Punkte <\/strong><\/li>\n<\/ol>\n<p>50 m : 12,72 sec \/\/ Weit\/Zone: 1,76 m \/\/ Schlagball 80gr::\u00a0 5,00 m<\/p>\n<p><strong><u>WK# 011 &#8211; Leichtathletischer Dreikampf m\u00e4nnlich, 15 Jahre <\/u><\/strong><\/p>\n<ol start=\"2\">\n<li><strong> Lukas Schulte 14,56 Punkte <\/strong><\/li>\n<\/ol>\n<p>75 m : 0,00 sec \/\/ Weit\/Zone: 2,85 m \/\/ Kugel 3,0 : 11,08 m<\/p>\n<p><strong><u>WK# 016 &#8211; Leichtathletischer Dreikampf m\u00e4nnlich, 9 Jahre <\/u><\/strong><\/p>\n<ol start=\"2\">\n<li><strong> Jonas Spengler 11,68 Punkte <\/strong><\/li>\n<\/ol>\n<p>50 m : 10,72 sec \/\/ Weit\/Zone: 2,46 m \/\/ Schlagball 80gr::\u00a0 16,50 m<\/p>\n<p><strong><u>WK# 017 &#8211; Leichtathletischer Dreikampf m\u00e4nnlich, 8 Jahre <\/u><\/strong><\/p>\n<ol start=\"3\">\n<li><strong> Moritz Klarmann 9,21 Punkte <\/strong><\/li>\n<\/ol>\n<p>50 m : 10,75 sec \/\/ Weit\/Zone: 2,08 m \/\/ Schlagball 80gr::\u00a0 9,00 m<\/p>\n<p><strong><u>WK# 018 &#8211; Leichtathletischer Dreikampf m\u00e4nnlich, 7 Jahre <\/u><\/strong><\/p>\n<ol>\n<li><strong> Frido August Kurz 12,92 Punkte <\/strong><\/li>\n<\/ol>\n<p>50 m : 10,78 sec \/\/ Weit\/Zone: 2,79 m \/\/ Schlagball 80gr::\u00a0 19,50 m<\/p>\n","protected":false},"excerpt":{"rendered":"<p>Nach mehr als 2-j\u00e4hriger, Corona bedingter Wettkampfpause fand am 12.06. ein vom Turngau Mitteltaunus, im Rahmen der Auringer Kulturtage, ausgerichtetes Leichtathletiksportfest statt. Die Freude sich endlich wieder mit anderen Kindern [&hellip;]<\/p>\n","protected":false},"author":10,"featured_media":1068,"comment_status":"closed","ping_status":"closed","sticky":false,"template":"","format":"standard","meta":{"_acf_changed":false,"footnotes":""},"categories":[22],"tags":[],"class_list":["post-3445","post","type-post","status-publish","format-standard","has-post-thumbnail","hentry","category-leichtathletik"],"acf":[],"publishpress_future_action":{"enabled":false,"date":"2026-05-07 01:15:34","action":"change-status","newStatus":"draft","terms":[],"taxonomy":"category","extraData":[]},"publishpress_future_workflow_manual_trigger":{"enabledWorkflows":[]},"_links":{"self":[{"href":"https:\/\/tg-schierstein.de\/index.php?rest_route=\/wp\/v2\/posts\/3445","targetHints":{"allow":["GET"]}}],"collection":[{"href":"https:\/\/tg-schierstein.de\/index.php?rest_route=\/wp\/v2\/posts"}],"about":[{"href":"https:\/\/tg-schierstein.de\/index.php?rest_route=\/wp\/v2\/types\/post"}],"author":[{"embeddable":true,"href":"https:\/\/tg-schierstein.de\/index.php?rest_route=\/wp\/v2\/users\/10"}],"replies":[{"embeddable":true,"href":"https:\/\/tg-schierstein.de\/index.php?rest_route=%2Fwp%2Fv2%2Fcomments&post=3445"}],"version-history":[{"count":0,"href":"https:\/\/tg-schierstein.de\/index.php?rest_route=\/wp\/v2\/posts\/3445\/revisions"}],"wp:featuredmedia":[{"embeddable":true,"href":"https:\/\/tg-schierstein.de\/index.php?rest_route=\/wp\/v2\/media\/1068"}],"wp:attachment":[{"href":"https:\/\/tg-schierstein.de\/index.php?rest_route=%2Fwp%2Fv2%2Fmedia&parent=3445"}],"wp:term":[{"taxonomy":"category","embeddable":true,"href":"https:\/\/tg-schierstein.de\/index.php?rest_route=%2Fwp%2Fv2%2Fcategories&post=3445"},{"taxonomy":"post_tag","embeddable":true,"href":"https:\/\/tg-schierstein.de\/index.php?rest_route=%2Fwp%2Fv2%2Ftags&post=3445"}],"curies":[{"name":"wp","href":"https:\/\/api.w.org\/{rel}","templated":true}]}}