{"id":3282,"date":"2021-12-02T20:58:44","date_gmt":"2021-12-02T19:58:44","guid":{"rendered":"https:\/\/test.tg-schierstein.de\/?p=3282"},"modified":"2023-11-17T19:40:03","modified_gmt":"2023-11-17T18:40:03","slug":"neue-tg-sportart-gardetanz","status":"publish","type":"post","link":"https:\/\/tg-schierstein.de\/?p=3282","title":{"rendered":"Neue TG-Sportart &#8222;Gardetanz&#8220;"},"content":{"rendered":"<p><img loading=\"lazy\" decoding=\"async\" class=\"aligncenter wp-image-3003 size-medium\" src=\"https:\/\/tg-schierstein.de\/wp-content\/uploads\/2022\/12\/EB-Bild_14-01-2020-300x225.jpeg\" alt=\"\" width=\"300\" height=\"225\" srcset=\"https:\/\/tg-schierstein.de\/wp-content\/uploads\/2022\/12\/EB-Bild_14-01-2020-300x225.jpeg 300w, https:\/\/tg-schierstein.de\/wp-content\/uploads\/2022\/12\/EB-Bild_14-01-2020-1024x768.jpeg 1024w, https:\/\/tg-schierstein.de\/wp-content\/uploads\/2022\/12\/EB-Bild_14-01-2020-768x576.jpeg 768w, https:\/\/tg-schierstein.de\/wp-content\/uploads\/2022\/12\/EB-Bild_14-01-2020-1536x1152.jpeg 1536w, https:\/\/tg-schierstein.de\/wp-content\/uploads\/2022\/12\/EB-Bild_14-01-2020-1500x1125.jpeg 1500w, https:\/\/tg-schierstein.de\/wp-content\/uploads\/2022\/12\/EB-Bild_14-01-2020-705x529.jpeg 705w, https:\/\/tg-schierstein.de\/wp-content\/uploads\/2022\/12\/EB-Bild_14-01-2020.jpeg 1600w\" sizes=\"auto, (max-width: 300px) 100vw, 300px\" \/><\/p>\n<p>Wir sind <strong>\u00bbdie Neuen\u00ab<\/strong> im Verein und m\u00f6chten einmal die Gelegenheit nutzen uns ganz offiziell bei allen kurz vorzustellen.<\/p>\n<p>Ein Teil unserer Sportart &#8222;Gardetanz&#8220; (z.B. das Tanzpaar Tamina und Marc) ist Ihnen vielleicht schon durch Auftritte an den Kappensitzungen bekannt. Der andere Teil ist brandneu und frisch hinzugekommen, als Gardetanzgruppe.<\/p>\n<p><img loading=\"lazy\" decoding=\"async\" class=\"aligncenter wp-image-2999 size-medium\" src=\"https:\/\/tg-schierstein.de\/wp-content\/uploads\/2022\/12\/Unbenannt-1-300x207.jpg\" alt=\"\" width=\"300\" height=\"207\" srcset=\"https:\/\/tg-schierstein.de\/wp-content\/uploads\/2022\/12\/Unbenannt-1-300x207.jpg 300w, https:\/\/tg-schierstein.de\/wp-content\/uploads\/2022\/12\/Unbenannt-1-1024x708.jpg 1024w, https:\/\/tg-schierstein.de\/wp-content\/uploads\/2022\/12\/Unbenannt-1-768x531.jpg 768w, https:\/\/tg-schierstein.de\/wp-content\/uploads\/2022\/12\/Unbenannt-1-1536x1062.jpg 1536w, https:\/\/tg-schierstein.de\/wp-content\/uploads\/2022\/12\/Unbenannt-1-2048x1416.jpg 2048w, https:\/\/tg-schierstein.de\/wp-content\/uploads\/2022\/12\/Unbenannt-1-1500x1037.jpg 1500w, https:\/\/tg-schierstein.de\/wp-content\/uploads\/2022\/12\/Unbenannt-1-705x487.jpg 705w\" sizes=\"auto, (max-width: 300px) 100vw, 300px\" \/><\/p>\n<p>&nbsp;<\/p>\n<p>Wir sind ein bunt gemischter und lustiger Haufen von tanzw\u00fctigen M\u00e4dels und Jungs, f\u00fcr die das Tanzen eine besondere Rolle im Leben spielt.<\/p>\n<p>Bei uns wird der karnevalistische Gardetanz einstudiert und bei diversen Auftritten in der Fastnacht in Wiesbaden und Mainz pr\u00e4sentiert.<\/p>\n<p><strong>Auf neue T\u00e4nzerinnen und T\u00e4nzer freuen wir uns schon!<\/strong><\/p>\n<p>Weitere Informationen und Bilder findet Ihr auf unserer Internetseite unter <a href=\"https:\/\/gardetanzgruppe.de\" target=\"_blank\" rel=\"noopener\"><strong>www.gardetanzgruppe.de<\/strong><\/a>.<\/p>\n<p><strong>Ansprechpartner<\/strong><br \/>\nTrainerin: Katja M\u00fchling<br \/>\nKoordinator: Marcus M\u00fchling (0172) 9118818<\/p>\n<p>&nbsp;<\/p>\n","protected":false},"excerpt":{"rendered":"<p>Wir sind \u00bbdie Neuen\u00ab im Verein und m\u00f6chten einmal die Gelegenheit nutzen uns ganz offiziell bei allen kurz vorzustellen. Ein Teil unserer Sportart &#8222;Gardetanz&#8220; (z.B. das Tanzpaar Tamina und Marc) [&hellip;]<\/p>\n","protected":false},"author":1,"featured_media":3285,"comment_status":"closed","ping_status":"closed","sticky":false,"template":"","format":"standard","meta":{"_acf_changed":false,"footnotes":""},"categories":[34,52],"tags":[],"class_list":["post-3282","post","type-post","status-publish","format-standard","has-post-thumbnail","hentry","category-fastnacht","category-gardetanz"],"acf":[],"publishpress_future_action":{"enabled":false,"date":"2026-05-06 22:43:08","action":"change-status","newStatus":"draft","terms":[],"taxonomy":"category","extraData":[]},"publishpress_future_workflow_manual_trigger":{"enabledWorkflows":[]},"_links":{"self":[{"href":"https:\/\/tg-schierstein.de\/index.php?rest_route=\/wp\/v2\/posts\/3282","targetHints":{"allow":["GET"]}}],"collection":[{"href":"https:\/\/tg-schierstein.de\/index.php?rest_route=\/wp\/v2\/posts"}],"about":[{"href":"https:\/\/tg-schierstein.de\/index.php?rest_route=\/wp\/v2\/types\/post"}],"author":[{"embeddable":true,"href":"https:\/\/tg-schierstein.de\/index.php?rest_route=\/wp\/v2\/users\/1"}],"replies":[{"embeddable":true,"href":"https:\/\/tg-schierstein.de\/index.php?rest_route=%2Fwp%2Fv2%2Fcomments&post=3282"}],"version-history":[{"count":2,"href":"https:\/\/tg-schierstein.de\/index.php?rest_route=\/wp\/v2\/posts\/3282\/revisions"}],"predecessor-version":[{"id":7355,"href":"https:\/\/tg-schierstein.de\/index.php?rest_route=\/wp\/v2\/posts\/3282\/revisions\/7355"}],"wp:featuredmedia":[{"embeddable":true,"href":"https:\/\/tg-schierstein.de\/index.php?rest_route=\/wp\/v2\/media\/3285"}],"wp:attachment":[{"href":"https:\/\/tg-schierstein.de\/index.php?rest_route=%2Fwp%2Fv2%2Fmedia&parent=3282"}],"wp:term":[{"taxonomy":"category","embeddable":true,"href":"https:\/\/tg-schierstein.de\/index.php?rest_route=%2Fwp%2Fv2%2Fcategories&post=3282"},{"taxonomy":"post_tag","embeddable":true,"href":"https:\/\/tg-schierstein.de\/index.php?rest_route=%2Fwp%2Fv2%2Ftags&post=3282"}],"curies":[{"name":"wp","href":"https:\/\/api.w.org\/{rel}","templated":true}]}}