{"id":3200,"date":"2021-09-24T20:20:21","date_gmt":"2021-09-24T18:20:21","guid":{"rendered":"https:\/\/test.tg-schierstein.de\/?p=3200"},"modified":"2023-01-01T16:48:45","modified_gmt":"2023-01-01T15:48:45","slug":"vereinsmeisterschaften-sportabzeichen-und-geburtstag","status":"publish","type":"post","link":"https:\/\/tg-schierstein.de\/?p=3200","title":{"rendered":"Vereinsmeisterschaften, Sportabzeichen und Geburtstag"},"content":{"rendered":"<p><strong>Vereinsmeisterschaften, Sportabzeichen und Geburtstag an einem Tag.<\/strong><\/p>\n<p>All dies konnte in diesem Jahr <strong>Carla<\/strong> erleben, fiel ihr Geburtstag doch direkt auf den Tag der Vereinsmeisterschaften und Sportabzeichenabnahme.<\/p>\n<p>Vor der Siegerehrung stand Carla dann im Mittelpunkt. Nachdem ihr ein kleines Geschenk \u00fcbergeben wurde bekam sie von den Zuschauern und Sportlern laut ein St\u00e4ndchen gesungen. Hoffentlich wird sie sich noch in vielen Jahren an diesen sch\u00f6nen Moment und nicht nur an den Gesang erinnern.<\/p>\n<p><strong>An dieser Stelle nochmals nachtr\u00e4glich alles Gute zu Deinem Geburtstag.<\/strong><\/p>\n<p><strong>Die Vereinsmeisterschaften im zweiten Coronajahr.<\/strong><\/p>\n<p>Entgegen des vergangenen Jahres konnten wir in diesem Jahr die Vereinsmeisterschaften fast wieder unter normalen Bedingungen durchf\u00fchren. Musste man mittwochs zur Teilnahme am Training noch die 3-G Regeln befolgen so war dies am Samstag schon wieder hinf\u00e4llig. Als Ausrichter freut man sich nat\u00fcrlich \u00fcber die Lockerungen, obwohl solch gravierenden \u00c4nderungen auch nicht so leicht zu bewerkstelligen sind, aber wesentlich einfacher als umgekehrt.<\/p>\n<p>Wie sollte es bei den Vereinsmeisterschaften anders sein, trafen sich rund 30 sportbegeisterte Kinder mit ihren Eltern bei herrlichem Sp\u00e4tsommerwetter auf dem Sportplatz. In diesem Jahr erfolgte die Anmeldung erstmals \u00fcber die Homepage der TG. Dies hat sehr gut funktioniert so das Nachmeldungen auf dem Sportplatz gegen Null zur\u00fcckgegangen sind. All dies erleichtert die Arbeit des Wettkampfb\u00fcros und zeitliche Verz\u00f6gerungen k\u00f6nnen vermieden werden.<\/p>\n<p>Nachdem alle p\u00fcnktlich auf dem Sportplatz erschienen sind wurde sich noch schnell mit Fabian aufgew\u00e4rmt, die Riegen eingeteilt und schon konnten die Spiele beginnen.<\/p>\n<p>An den einzelnen Wettkampfstationen herrscht sogleich reger Betrieb. Mit Eifer waren die Kinder bei der Sache, versuchten doch alle ihr Bestes zu geben. Von den Kampfrichtern wurde zum wohl der Kinder, manchmal ein Auge zugedr\u00fcckt. Wir wollen alle an diesem Tag unseren Spa\u00df haben.<\/p>\n<p>Nach knapp 2 Stunden spannender Wettk\u00e4mpfe konnten sich die Kinder erst einmal an den von uns \u00dcbungsleitern bereitgestellten S\u00fc\u00dfigkeiten und Getr\u00e4nke st\u00e4rken bevor es zur letzten Disziplin des zeitgleich durchgef\u00fchrten Sportabzeichens ging.<\/p>\n<p><strong>Die Sportabzeichenabnahme<\/strong><\/p>\n<p>W\u00e4hrend die Kinder ihren 800m-Lauf machten wurde die Zeit zum Auswerten der Wettkampfkarten genutzt und somit die Wartezeit bis zur Siegerehrung verk\u00fcrzt.<\/p>\n<p>Mit Mirja Kurz hat die Turngemeinde eine \u00dcbungsleiterin mit der Berechtigung zur Sportabzeiche-abnahme in ihren Reihen. So konnte man im Rahmen der Vereinsmeisterschaften auch das Sportab-zeichen erwerben. Das Kindersportabzeichen ist in vier Kategorien eingeteilt (Ausdauer, Kraft, Schnelligkeit und Koordination) aus jeder Kategorie muss eine Aufgabe erf\u00fcllt werden.<\/p>\n<p>Fast alle Kinder nahmen daran Teil und haben sich \u00fcber die Extraauszeichnung im Anschluss an die Siegerehrung gefreut.<\/p>\n<p>Die Sportabzeichenabnahme im Rahmen der Vereinsmeisterschaften fand einen gro\u00dfen Anklang. Wir haben uns daher entschlossen diese im kommenden Jahr wieder durchzuf\u00fchren. Auch wir lernen dazu, so werden wir die Sportabzeichenabnahme, in der Hoffnung das noch mehr Kinder daran teilnehmen, im n\u00e4chsten Jahr fr\u00fcher bekannt geben. Eventuell werden wir noch weitere Termine zur Sportabzeichen-abnahme anbieten.<\/p>\n<p>Nachdem wir zwei Jahre nur unregelm\u00e4\u00dfig unserem Sport nachgehen konnten, lange Zeit kein Training, keine Wettk\u00e4mpfe hatten, hoffen wir, dass bald wieder normale Zeiten anbrechen. Die Vereinsmeister-schaften waren ein kleiner Schritt in die richtige Richtung.<\/p>\n<p>Alle Teilnehmer hatten an diesem Tag, ob beim Sportabzeichen oder beim Wettkampf, richtig viel Spa\u00df an der Sache. Vielen Dank an die Kinder, das Sportabzeichenteam, den Eltern welche als Kampfrichter zum Gelingen des Sportfestes beigetragen haben. Dank auch an alle Anwesenden f\u00fcr das vorbildliche und coranagerechte Verhalten auf dem Platz.<\/p>\n<p>Im Rahmen einer feierlichen Ehrung f\u00fcr Sportabzeichenabsolventen im Jahr 2020 wurde Penelope Spengler f\u00fcr ihr erstes Sportabzeichen und als eine der j\u00fcngsten Teilnehmerinnen am 21.09.2021 vom Sportkreis Wiesbaden ausgezeichnet.<\/p>\n","protected":false},"excerpt":{"rendered":"<p>Vereinsmeisterschaften, Sportabzeichen und Geburtstag an einem Tag. All dies konnte in diesem Jahr Carla erleben, fiel ihr Geburtstag doch direkt auf den Tag der Vereinsmeisterschaften und Sportabzeichenabnahme. Vor der Siegerehrung [&hellip;]<\/p>\n","protected":false},"author":10,"featured_media":1068,"comment_status":"closed","ping_status":"closed","sticky":false,"template":"","format":"standard","meta":{"_acf_changed":false,"footnotes":""},"categories":[22],"tags":[],"class_list":["post-3200","post","type-post","status-publish","format-standard","has-post-thumbnail","hentry","category-leichtathletik"],"acf":[],"publishpress_future_action":{"enabled":false,"date":"2026-05-07 02:43:37","action":"change-status","newStatus":"draft","terms":[],"taxonomy":"category","extraData":[]},"publishpress_future_workflow_manual_trigger":{"enabledWorkflows":[]},"_links":{"self":[{"href":"https:\/\/tg-schierstein.de\/index.php?rest_route=\/wp\/v2\/posts\/3200","targetHints":{"allow":["GET"]}}],"collection":[{"href":"https:\/\/tg-schierstein.de\/index.php?rest_route=\/wp\/v2\/posts"}],"about":[{"href":"https:\/\/tg-schierstein.de\/index.php?rest_route=\/wp\/v2\/types\/post"}],"author":[{"embeddable":true,"href":"https:\/\/tg-schierstein.de\/index.php?rest_route=\/wp\/v2\/users\/10"}],"replies":[{"embeddable":true,"href":"https:\/\/tg-schierstein.de\/index.php?rest_route=%2Fwp%2Fv2%2Fcomments&post=3200"}],"version-history":[{"count":0,"href":"https:\/\/tg-schierstein.de\/index.php?rest_route=\/wp\/v2\/posts\/3200\/revisions"}],"wp:featuredmedia":[{"embeddable":true,"href":"https:\/\/tg-schierstein.de\/index.php?rest_route=\/wp\/v2\/media\/1068"}],"wp:attachment":[{"href":"https:\/\/tg-schierstein.de\/index.php?rest_route=%2Fwp%2Fv2%2Fmedia&parent=3200"}],"wp:term":[{"taxonomy":"category","embeddable":true,"href":"https:\/\/tg-schierstein.de\/index.php?rest_route=%2Fwp%2Fv2%2Fcategories&post=3200"},{"taxonomy":"post_tag","embeddable":true,"href":"https:\/\/tg-schierstein.de\/index.php?rest_route=%2Fwp%2Fv2%2Ftags&post=3200"}],"curies":[{"name":"wp","href":"https:\/\/api.w.org\/{rel}","templated":true}]}}