{"id":3188,"date":"2021-07-02T07:59:50","date_gmt":"2021-07-02T05:59:50","guid":{"rendered":"https:\/\/test.tg-schierstein.de\/?p=3188"},"modified":"2023-01-01T16:40:12","modified_gmt":"2023-01-01T15:40:12","slug":"leichtathletik-in-zeiten-von-corona","status":"publish","type":"post","link":"https:\/\/tg-schierstein.de\/?p=3188","title":{"rendered":"Leichtathletik | In Zeiten von Corona!"},"content":{"rendered":"<p><strong>Leichtathletik in Zeiten von Corona !<\/strong><\/p>\n<p>Anfang 2020 haben wir uns alle noch auf ein erfolgreiches Sportjahr gefreut. Das Wintertraining in der Halle wurde gut angenommen und wir freuten uns schon auf die Sommersaison.<\/p>\n<p>Leider breitete sich aber zu dieser Zeit ein kleiner b\u00f6ser Virus, namens Corona, \u00fcber die Erde aus und so kam es wie es kommen musste. Mitte M\u00e4rz hie\u00df es auf einmal \u201enichts geht mehr\u201c. Der erste Lockdown wurde ausgerufen. Von einem auf den anderen Tag stand alles Still. Noch dachte niemand daran, dass es Anfang November noch schlimmer kommen w\u00fcrde.<\/p>\n<p>Im Mai kam dann endlich, die langersehnte Mitteilung \u201eSport ist bald wieder unter Auflagen m\u00f6glich.\u201c Es ist bzw. war aber alles nicht so einfach, musste doch ein Hygienekonzept f\u00fcr das Training aufgestellt werden. Erschwerend kam noch hinzu, dass wir nicht auf unserem angestammten Platz trainieren konnten, da nach langem Ringen endlich der Sportplatz Saareck saniert wurde. Er erhielt einen Kunstrasenplatz sowie eine Tartanlaufbahn, ebenso wurde die Weitsprunganlage instandgesetzt. Dies war eines der wenigen Positiven Dinge im Jahr 2020.<\/p>\n<p>Die Sportler\/Innen mussten sich auch erst auf die neuen Gegebenheiten einstellen, durfte doch nicht mehr abgeklatscht werden und auch Handger\u00e4te wie B\u00e4lle etc. durften nur noch von einer Person benutzt werden. Am problematischsten war es, bei den Kindern auf den Abstand untereinander zu achten.<\/p>\n<p>Trotz dieser ganzen Umst\u00e4nde konnten wir ein regelm\u00e4\u00dfiges Training in den Sommermonaten durchf\u00fchren.<\/p>\n<p>Bedingt durch die Coronapandemie hatten wir uns fr\u00fchzeitig dazu entschlossen die eigentlichen Vereinsmeisterschaften ausfallen zu lassen. Aber wir Leichtathleten\/Innen haben nicht klein beigegeben und eine interne Vereinsmeisterschaft, unter Einhaltung der Coronaregeln, w\u00e4hrend der Trainingszeit durchgef\u00fchrt.<\/p>\n<p>Nachdem 2020 alle Wettk\u00e4mpfe abgesagt wurden freuten sich die Teilnehmer\/Innen auf diesen Tag. Bei strahlendem Sonnenschein, wie soll es anders sein, wurde der Wettkampf durchgef\u00fchrt. Alle Teilnehmer waren mit Spa\u00df dabei.<\/p>\n<p>Ab Oktober stand wieder das Wintertraining auf dem Programm. Das Wintertraining konnten wir auch nicht wie gewohnt durchf\u00fchren da mittwochs die Halle, bedingt durch Corona, schon belegt war. So sind wir auf Freitagnachmittag ausgewichen.<\/p>\n<p>Es kam wie es nicht kommen sollte, das Virus breitete sich wieder rasend in Deutschland und der Welt aus. Nach nur 3 Trainingseinheiten wurde uns schon wieder der Sport verboten. Mit einem Schlag stand erneut alles Still, alle Hoffnung auf ein schnelles Ende der Pandemie war nun abrupt dahin. Zu dieser Zeit, Anfang November, ahnte noch keiner das sich der Lockdown bis April und l\u00e4nger hinziehen w\u00fcrde und sogar eine Bundesnotbremse in Kraft treten w\u00fcrde.<\/p>\n<p>Im Hinterkopf hatten wir st\u00e4ndig Fragen: Wie lange geht der Lockdown? wann k\u00f6nnen wir wieder trainieren? wieviel Leichtathleten bleiben an Bord? und noch viele mehr.<\/p>\n<p>Im April kam dann die erl\u00f6sende Nachricht \u201eMan kann wieder Sport machen\u201c. Aber es war alles nicht so einfach zu regeln. Es durfte nur mit einer gewissen Anzahl von Kindern bis zu einem gewissen Alter trainiert werden. So dauerte es nochmals zwei Wochen bis ein neues Hygienekonzept, abgestimmt auf die neuen Anforderungen, erstellt war.<\/p>\n<p>Am letzten Mittwoch im April konnten wir dann endlich wieder mit einem Teil der Leichtathleten\/innen mit dem Training auf dem Sportplatz beginnen. Sehr erfreulich war die Tatsache, dass doch alle Leichtathleten dabeigeblieben sind.<\/p>\n<p>Seit dem ersten Training hat sich der Virus st\u00e4tig zur\u00fcckgezogen und uns daher wieder mehr M\u00f6glichkeiten zur\u00fcckgegeben. So kamen bisher fast jeden Mittwoch Kinder zum Probetraining.<\/p>\n<p>Da auch in diesem Jahr keine Wettk\u00e4mpfe durchgef\u00fchrt werden, bleibt die Hoffnung, dass die Vereinsmeisterschaften am 18.09. durchgef\u00fchrt werden k\u00f6nnen.<\/p>\n<p>Unsere Bitte an ALLE, haltet Euch an die Corona-Regeln damit wir dem Virus keine aber uns Sportlern eine Chance geben bald wieder unter normalen Umst\u00e4nden zu trainieren.<\/p>\n<p>Danke auch an ALLE die uns bisher treu geblieben sind.<\/p>\n<p>Michael Huth<\/p>\n","protected":false},"excerpt":{"rendered":"<p>Leichtathletik in Zeiten von Corona ! Anfang 2020 haben wir uns alle noch auf ein erfolgreiches Sportjahr gefreut. Das Wintertraining in der Halle wurde gut angenommen und wir freuten uns [&hellip;]<\/p>\n","protected":false},"author":10,"featured_media":1068,"comment_status":"closed","ping_status":"closed","sticky":false,"template":"","format":"standard","meta":{"_acf_changed":false,"footnotes":""},"categories":[22],"tags":[],"class_list":["post-3188","post","type-post","status-publish","format-standard","has-post-thumbnail","hentry","category-leichtathletik"],"acf":[],"publishpress_future_action":{"enabled":false,"date":"2026-05-07 02:42:41","action":"change-status","newStatus":"draft","terms":[],"taxonomy":"category","extraData":[]},"publishpress_future_workflow_manual_trigger":{"enabledWorkflows":[]},"_links":{"self":[{"href":"https:\/\/tg-schierstein.de\/index.php?rest_route=\/wp\/v2\/posts\/3188","targetHints":{"allow":["GET"]}}],"collection":[{"href":"https:\/\/tg-schierstein.de\/index.php?rest_route=\/wp\/v2\/posts"}],"about":[{"href":"https:\/\/tg-schierstein.de\/index.php?rest_route=\/wp\/v2\/types\/post"}],"author":[{"embeddable":true,"href":"https:\/\/tg-schierstein.de\/index.php?rest_route=\/wp\/v2\/users\/10"}],"replies":[{"embeddable":true,"href":"https:\/\/tg-schierstein.de\/index.php?rest_route=%2Fwp%2Fv2%2Fcomments&post=3188"}],"version-history":[{"count":0,"href":"https:\/\/tg-schierstein.de\/index.php?rest_route=\/wp\/v2\/posts\/3188\/revisions"}],"wp:featuredmedia":[{"embeddable":true,"href":"https:\/\/tg-schierstein.de\/index.php?rest_route=\/wp\/v2\/media\/1068"}],"wp:attachment":[{"href":"https:\/\/tg-schierstein.de\/index.php?rest_route=%2Fwp%2Fv2%2Fmedia&parent=3188"}],"wp:term":[{"taxonomy":"category","embeddable":true,"href":"https:\/\/tg-schierstein.de\/index.php?rest_route=%2Fwp%2Fv2%2Fcategories&post=3188"},{"taxonomy":"post_tag","embeddable":true,"href":"https:\/\/tg-schierstein.de\/index.php?rest_route=%2Fwp%2Fv2%2Ftags&post=3188"}],"curies":[{"name":"wp","href":"https:\/\/api.w.org\/{rel}","templated":true}]}}