{"id":13756,"date":"2026-03-15T14:00:11","date_gmt":"2026-03-15T13:00:11","guid":{"rendered":"https:\/\/tg-schierstein.de\/?p=13756"},"modified":"2026-03-16T11:16:24","modified_gmt":"2026-03-16T10:16:24","slug":"hsg-gemf23-spielefest-der-tg-kastel","status":"publish","type":"post","link":"https:\/\/tg-schierstein.de\/?p=13756","title":{"rendered":"HSG-gemF2+3 | Spielefest der TG Kastel"},"content":{"rendered":"<div>\n<p class=\"isSelectedEnd\">Am Sonntag, den 15.03.2026, nahm unsere F-Jugend 2 und 3 am Handball-Spielefest bei der TG Kastel teil. Wir traten mit zwei Teams an und absolvierten insgesamt f\u00fcnf Spiele \u00e0 15 Minuten. Leider waren die Pausen zwischen den einzelnen Spielen teilweise recht lang, was den Rhythmus etwas unterbrach \u2013 dennoch lie\u00dfen sich unsere Kinder davon nicht die gute Laune verderben.<\/p>\n<p class=\"isSelectedEnd\">Auf dem Spielfeld zeigten unsere jungen Handballerinnen und Handballer viele tolle Aktionen. Besonders beeindruckend waren die starken Paraden unserer Torh\u00fcter, teilweise sogar mit spektakul\u00e4ren Flugeinlagen. Auch im Angriff gab es zahlreiche sehr gut platzierte W\u00fcrfe zu sehen.<\/p>\n<p class=\"isSelectedEnd\">Neben den spielerischen Aktionen war vor allem das mannschaftliche Auftreten unserer Teams hervorzuheben. Die Kinder feuerten sich gegenseitig an, halfen sich untereinander \u2013 sei es beim Schuhe binden oder beim Aufbauen nach einem Sturz. Der Zusammenhalt und das Zusammenspiel im Team sind wirklich toll zu sehen und vor allem der Spa\u00df am Handball war allen deutlich anzumerken.<\/p>\n<p class=\"isSelectedEnd\">In der Abwehr, insbesondere bei der Manndeckung, gibt es noch kleine Dinge zu verbessern. Manchmal jagen noch zu viele Kinder gleichzeitig dem Ball hinterher, wodurch andere Gegenspieler frei stehen. Daran werden wir im Training weiter arbeiten.<\/p>\n<p class=\"isSelectedEnd\">Schon bald steht der Saisonabschluss an: Am 20.03.2026 findet unser letztes Training der Saison statt, bevor wir am 21.03.2026 gemeinsam unseren Saisonabschluss im Flummyland in Bingen feiern.<\/p>\n<p>Alles in allem war es ein sch\u00f6nes Spielefest mit viel Einsatz, Teamgeist und ganz viel Spa\u00df am Handball!<\/p>\n<p><a href=\"https:\/\/tg-schierstein.de\/wp-content\/uploads\/2026\/03\/F23-Jugend_Spielfest_Kastel_15-03-2026__01.jpeg\"><img loading=\"lazy\" decoding=\"async\" class=\"alignnone wp-image-13763\" src=\"https:\/\/tg-schierstein.de\/wp-content\/uploads\/2026\/03\/F23-Jugend_Spielfest_Kastel_15-03-2026__01.jpeg\" alt=\"\" width=\"188\" height=\"250\" srcset=\"https:\/\/tg-schierstein.de\/wp-content\/uploads\/2026\/03\/F23-Jugend_Spielfest_Kastel_15-03-2026__01.jpeg 1200w, https:\/\/tg-schierstein.de\/wp-content\/uploads\/2026\/03\/F23-Jugend_Spielfest_Kastel_15-03-2026__01-225x300.jpeg 225w, https:\/\/tg-schierstein.de\/wp-content\/uploads\/2026\/03\/F23-Jugend_Spielfest_Kastel_15-03-2026__01-768x1024.jpeg 768w, https:\/\/tg-schierstein.de\/wp-content\/uploads\/2026\/03\/F23-Jugend_Spielfest_Kastel_15-03-2026__01-1152x1536.jpeg 1152w, https:\/\/tg-schierstein.de\/wp-content\/uploads\/2026\/03\/F23-Jugend_Spielfest_Kastel_15-03-2026__01-1125x1500.jpeg 1125w, https:\/\/tg-schierstein.de\/wp-content\/uploads\/2026\/03\/F23-Jugend_Spielfest_Kastel_15-03-2026__01-529x705.jpeg 529w\" sizes=\"auto, (max-width: 188px) 100vw, 188px\" \/><\/a> <a href=\"https:\/\/tg-schierstein.de\/wp-content\/uploads\/2026\/03\/F23-Jugend_Spielfest_Kastel_15-03-2026__02.jpeg\"><img loading=\"lazy\" decoding=\"async\" class=\"alignnone wp-image-13761\" src=\"https:\/\/tg-schierstein.de\/wp-content\/uploads\/2026\/03\/F23-Jugend_Spielfest_Kastel_15-03-2026__02.jpeg\" alt=\"\" width=\"188\" height=\"250\" srcset=\"https:\/\/tg-schierstein.de\/wp-content\/uploads\/2026\/03\/F23-Jugend_Spielfest_Kastel_15-03-2026__02.jpeg 1200w, https:\/\/tg-schierstein.de\/wp-content\/uploads\/2026\/03\/F23-Jugend_Spielfest_Kastel_15-03-2026__02-225x300.jpeg 225w, https:\/\/tg-schierstein.de\/wp-content\/uploads\/2026\/03\/F23-Jugend_Spielfest_Kastel_15-03-2026__02-768x1024.jpeg 768w, https:\/\/tg-schierstein.de\/wp-content\/uploads\/2026\/03\/F23-Jugend_Spielfest_Kastel_15-03-2026__02-1152x1536.jpeg 1152w, https:\/\/tg-schierstein.de\/wp-content\/uploads\/2026\/03\/F23-Jugend_Spielfest_Kastel_15-03-2026__02-1125x1500.jpeg 1125w, https:\/\/tg-schierstein.de\/wp-content\/uploads\/2026\/03\/F23-Jugend_Spielfest_Kastel_15-03-2026__02-529x705.jpeg 529w\" sizes=\"auto, (max-width: 188px) 100vw, 188px\" \/><\/a> <a href=\"https:\/\/tg-schierstein.de\/wp-content\/uploads\/2026\/03\/F23-Jugend_Spielfest_Kastel_15-03-2026__03.jpeg\"><img loading=\"lazy\" decoding=\"async\" class=\"alignnone wp-image-13762\" src=\"https:\/\/tg-schierstein.de\/wp-content\/uploads\/2026\/03\/F23-Jugend_Spielfest_Kastel_15-03-2026__03.jpeg\" alt=\"\" width=\"188\" height=\"250\" srcset=\"https:\/\/tg-schierstein.de\/wp-content\/uploads\/2026\/03\/F23-Jugend_Spielfest_Kastel_15-03-2026__03.jpeg 1200w, https:\/\/tg-schierstein.de\/wp-content\/uploads\/2026\/03\/F23-Jugend_Spielfest_Kastel_15-03-2026__03-225x300.jpeg 225w, https:\/\/tg-schierstein.de\/wp-content\/uploads\/2026\/03\/F23-Jugend_Spielfest_Kastel_15-03-2026__03-768x1024.jpeg 768w, https:\/\/tg-schierstein.de\/wp-content\/uploads\/2026\/03\/F23-Jugend_Spielfest_Kastel_15-03-2026__03-1152x1536.jpeg 1152w, https:\/\/tg-schierstein.de\/wp-content\/uploads\/2026\/03\/F23-Jugend_Spielfest_Kastel_15-03-2026__03-1125x1500.jpeg 1125w, https:\/\/tg-schierstein.de\/wp-content\/uploads\/2026\/03\/F23-Jugend_Spielfest_Kastel_15-03-2026__03-529x705.jpeg 529w\" sizes=\"auto, (max-width: 188px) 100vw, 188px\" \/><\/a> <a href=\"https:\/\/tg-schierstein.de\/wp-content\/uploads\/2026\/03\/F23-Jugend_Spielfest_Kastel_15-03-2026__04.jpeg\"><img loading=\"lazy\" decoding=\"async\" class=\"alignnone wp-image-13760\" src=\"https:\/\/tg-schierstein.de\/wp-content\/uploads\/2026\/03\/F23-Jugend_Spielfest_Kastel_15-03-2026__04.jpeg\" alt=\"\" width=\"141\" height=\"250\" srcset=\"https:\/\/tg-schierstein.de\/wp-content\/uploads\/2026\/03\/F23-Jugend_Spielfest_Kastel_15-03-2026__04.jpeg 900w, https:\/\/tg-schierstein.de\/wp-content\/uploads\/2026\/03\/F23-Jugend_Spielfest_Kastel_15-03-2026__04-169x300.jpeg 169w, https:\/\/tg-schierstein.de\/wp-content\/uploads\/2026\/03\/F23-Jugend_Spielfest_Kastel_15-03-2026__04-576x1024.jpeg 576w, https:\/\/tg-schierstein.de\/wp-content\/uploads\/2026\/03\/F23-Jugend_Spielfest_Kastel_15-03-2026__04-768x1365.jpeg 768w, https:\/\/tg-schierstein.de\/wp-content\/uploads\/2026\/03\/F23-Jugend_Spielfest_Kastel_15-03-2026__04-864x1536.jpeg 864w, https:\/\/tg-schierstein.de\/wp-content\/uploads\/2026\/03\/F23-Jugend_Spielfest_Kastel_15-03-2026__04-844x1500.jpeg 844w, https:\/\/tg-schierstein.de\/wp-content\/uploads\/2026\/03\/F23-Jugend_Spielfest_Kastel_15-03-2026__04-397x705.jpeg 397w\" sizes=\"auto, (max-width: 141px) 100vw, 141px\" \/><\/a> <a href=\"https:\/\/tg-schierstein.de\/wp-content\/uploads\/2026\/03\/F23-Jugend_Spielfest_Kastel_15-03-2026__05.jpeg\"><img loading=\"lazy\" decoding=\"async\" class=\"alignnone wp-image-13759\" src=\"https:\/\/tg-schierstein.de\/wp-content\/uploads\/2026\/03\/F23-Jugend_Spielfest_Kastel_15-03-2026__05.jpeg\" alt=\"\" width=\"333\" height=\"250\" srcset=\"https:\/\/tg-schierstein.de\/wp-content\/uploads\/2026\/03\/F23-Jugend_Spielfest_Kastel_15-03-2026__05.jpeg 1600w, https:\/\/tg-schierstein.de\/wp-content\/uploads\/2026\/03\/F23-Jugend_Spielfest_Kastel_15-03-2026__05-300x225.jpeg 300w, https:\/\/tg-schierstein.de\/wp-content\/uploads\/2026\/03\/F23-Jugend_Spielfest_Kastel_15-03-2026__05-1024x768.jpeg 1024w, https:\/\/tg-schierstein.de\/wp-content\/uploads\/2026\/03\/F23-Jugend_Spielfest_Kastel_15-03-2026__05-768x576.jpeg 768w, https:\/\/tg-schierstein.de\/wp-content\/uploads\/2026\/03\/F23-Jugend_Spielfest_Kastel_15-03-2026__05-1536x1152.jpeg 1536w, https:\/\/tg-schierstein.de\/wp-content\/uploads\/2026\/03\/F23-Jugend_Spielfest_Kastel_15-03-2026__05-1500x1125.jpeg 1500w, https:\/\/tg-schierstein.de\/wp-content\/uploads\/2026\/03\/F23-Jugend_Spielfest_Kastel_15-03-2026__05-705x529.jpeg 705w\" sizes=\"auto, (max-width: 333px) 100vw, 333px\" \/><\/a><\/p>\n<\/div>\n","protected":false},"excerpt":{"rendered":"<p>Am Sonntag, den 15.03.2026, nahm unsere F-Jugend 2 und 3 am Handball-Spielefest bei der TG Kastel teil. Wir traten mit zwei Teams an und absolvierten insgesamt f\u00fcnf Spiele \u00e0 15 [&hellip;]<\/p>\n","protected":false},"author":12,"featured_media":13759,"comment_status":"closed","ping_status":"closed","sticky":false,"template":"","format":"standard","meta":{"_acf_changed":false,"footnotes":""},"categories":[25],"tags":[],"class_list":["post-13756","post","type-post","status-publish","format-standard","has-post-thumbnail","hentry","category-handball"],"acf":[],"publishpress_future_action":{"enabled":false,"date":"2026-05-09 11:16:27","action":"change-status","newStatus":"draft","terms":[],"taxonomy":"category","extraData":[]},"publishpress_future_workflow_manual_trigger":{"enabledWorkflows":[]},"_links":{"self":[{"href":"https:\/\/tg-schierstein.de\/index.php?rest_route=\/wp\/v2\/posts\/13756","targetHints":{"allow":["GET"]}}],"collection":[{"href":"https:\/\/tg-schierstein.de\/index.php?rest_route=\/wp\/v2\/posts"}],"about":[{"href":"https:\/\/tg-schierstein.de\/index.php?rest_route=\/wp\/v2\/types\/post"}],"author":[{"embeddable":true,"href":"https:\/\/tg-schierstein.de\/index.php?rest_route=\/wp\/v2\/users\/12"}],"replies":[{"embeddable":true,"href":"https:\/\/tg-schierstein.de\/index.php?rest_route=%2Fwp%2Fv2%2Fcomments&post=13756"}],"version-history":[{"count":3,"href":"https:\/\/tg-schierstein.de\/index.php?rest_route=\/wp\/v2\/posts\/13756\/revisions"}],"predecessor-version":[{"id":13765,"href":"https:\/\/tg-schierstein.de\/index.php?rest_route=\/wp\/v2\/posts\/13756\/revisions\/13765"}],"wp:featuredmedia":[{"embeddable":true,"href":"https:\/\/tg-schierstein.de\/index.php?rest_route=\/wp\/v2\/media\/13759"}],"wp:attachment":[{"href":"https:\/\/tg-schierstein.de\/index.php?rest_route=%2Fwp%2Fv2%2Fmedia&parent=13756"}],"wp:term":[{"taxonomy":"category","embeddable":true,"href":"https:\/\/tg-schierstein.de\/index.php?rest_route=%2Fwp%2Fv2%2Fcategories&post=13756"},{"taxonomy":"post_tag","embeddable":true,"href":"https:\/\/tg-schierstein.de\/index.php?rest_route=%2Fwp%2Fv2%2Ftags&post=13756"}],"curies":[{"name":"wp","href":"https:\/\/api.w.org\/{rel}","templated":true}]}}