{"id":13709,"date":"2026-03-07T12:00:50","date_gmt":"2026-03-07T11:00:50","guid":{"rendered":"https:\/\/tg-schierstein.de\/?p=13709"},"modified":"2026-03-11T10:02:41","modified_gmt":"2026-03-11T09:02:41","slug":"hsg-gemg-spielefest-der-hsg-breckenh-wallau-massenh","status":"publish","type":"post","link":"https:\/\/tg-schierstein.de\/?p=13709","title":{"rendered":"HSG-gemG | Spielefest der HSG Breckenh.\/Wallau\/Massenh."},"content":{"rendered":"<div>\n<p data-start=\"209\" data-end=\"591\">Am Samstag, den 07.03.2026, nahm unsere G-Jugend am Spielefest der HSG Breckenheim\/Wallau\/Massenheim teil. Leider konnten wir \u00fcber den Bezirk nur ein Team anmelden, sodass lediglich zw\u00f6lf unserer insgesamt 23 Spielerinnen und Spieler teilnehmen konnten. Die Entscheidung \u00fcber den Kader f\u00e4llt dem Trainerteam um Sebastian H\u00e4user, Angelika H\u00e4user und Till Sauer jedes Mal sehr schwer.<\/p>\n<p data-start=\"593\" data-end=\"927\">In den insgesamt f\u00fcnf Spielen zeigten die Kinder tolle Leistungen. Vier Partien gestaltete unsere G-Jugend sehr souver\u00e4n und das kontinuierliche Training der vergangenen Wochen machte sich deutlich bemerkbar. Alle Kinder haben wieder einen gro\u00dfen Entwicklungsschritt gemacht. Besonders die Manndeckung funktionierte bereits sehr gut.<\/p>\n<p data-start=\"929\" data-end=\"1223\">Bei zw\u00f6lf Kindern im Team, lediglich vier Feldspielern auf dem Feld und einer Spielzeit von zehn Minuten ist auch die m\u00f6glichst gleichm\u00e4\u00dfige Verteilung der Einsatzzeiten immer wieder eine Herausforderung f\u00fcr das Trainerteam. Hinzu kommt, dass viele der Kinder auch gerne einmal ins Tor m\u00f6chten.<\/p>\n<p data-start=\"1225\" data-end=\"1369\">Bei der abschlie\u00dfenden Siegerehrung erhielt jedes Kind eine Medaille und eine Urkunde. F\u00fcr das Team gab es au\u00dferdem noch eine s\u00fc\u00dfe \u00dcberraschung.<\/p>\n<p data-start=\"1371\" data-end=\"1516\">Ein besonderes Highlight war auch der tolle Teamzusammenhalt. Gelungene Aktionen wurden gemeinsam bejubelt und alle feuerten sich gegenseitig an.<\/p>\n<p data-start=\"1518\" data-end=\"1675\">Nun steht noch ein letztes Spielefest am Sonntag, den 15.03.2026, in Kastel an. Leider konnten wir auch hierf\u00fcr wieder nur ein Team \u00fcber den Bezirk anmelden.<\/p>\n<p data-start=\"1677\" data-end=\"2035\">Unseren Saisonabschluss feierten wir bereits am 28.02.2026 in der Wunderkiste in Bad Schwalbach. Ab der Kalenderwoche 13 beginnt dann die neue Jugendsaison. Das bisherige Trainerteam wird geschlossen mit dem Jahrgang 2019 in die F-Jugend wechseln. Der Jahrgang 2020 bleibt eine weitere Saison in der G-Jugend und erh\u00e4lt mit Tobias Winter einen neuen Trainer.<\/p>\n<p data-start=\"1677\" data-end=\"2035\"><a href=\"https:\/\/tg-schierstein.de\/wp-content\/uploads\/2026\/03\/G-Jugend_Breckenheim_07-03-2026__01.jpeg\"><img loading=\"lazy\" decoding=\"async\" class=\"alignnone wp-image-13711\" src=\"https:\/\/tg-schierstein.de\/wp-content\/uploads\/2026\/03\/G-Jugend_Breckenheim_07-03-2026__01.jpeg\" alt=\"\" width=\"188\" height=\"250\" srcset=\"https:\/\/tg-schierstein.de\/wp-content\/uploads\/2026\/03\/G-Jugend_Breckenheim_07-03-2026__01.jpeg 1204w, https:\/\/tg-schierstein.de\/wp-content\/uploads\/2026\/03\/G-Jugend_Breckenheim_07-03-2026__01-226x300.jpeg 226w, https:\/\/tg-schierstein.de\/wp-content\/uploads\/2026\/03\/G-Jugend_Breckenheim_07-03-2026__01-771x1024.jpeg 771w, https:\/\/tg-schierstein.de\/wp-content\/uploads\/2026\/03\/G-Jugend_Breckenheim_07-03-2026__01-768x1021.jpeg 768w, https:\/\/tg-schierstein.de\/wp-content\/uploads\/2026\/03\/G-Jugend_Breckenheim_07-03-2026__01-1156x1536.jpeg 1156w, https:\/\/tg-schierstein.de\/wp-content\/uploads\/2026\/03\/G-Jugend_Breckenheim_07-03-2026__01-1129x1500.jpeg 1129w, https:\/\/tg-schierstein.de\/wp-content\/uploads\/2026\/03\/G-Jugend_Breckenheim_07-03-2026__01-531x705.jpeg 531w\" sizes=\"auto, (max-width: 188px) 100vw, 188px\" \/><\/a> <a href=\"https:\/\/tg-schierstein.de\/wp-content\/uploads\/2026\/03\/G-Jugend_Breckenheim_07-03-2026__02.jpeg\"><img loading=\"lazy\" decoding=\"async\" class=\"alignnone wp-image-13713\" src=\"https:\/\/tg-schierstein.de\/wp-content\/uploads\/2026\/03\/G-Jugend_Breckenheim_07-03-2026__02.jpeg\" alt=\"\" width=\"188\" height=\"250\" srcset=\"https:\/\/tg-schierstein.de\/wp-content\/uploads\/2026\/03\/G-Jugend_Breckenheim_07-03-2026__02.jpeg 1204w, https:\/\/tg-schierstein.de\/wp-content\/uploads\/2026\/03\/G-Jugend_Breckenheim_07-03-2026__02-226x300.jpeg 226w, https:\/\/tg-schierstein.de\/wp-content\/uploads\/2026\/03\/G-Jugend_Breckenheim_07-03-2026__02-771x1024.jpeg 771w, https:\/\/tg-schierstein.de\/wp-content\/uploads\/2026\/03\/G-Jugend_Breckenheim_07-03-2026__02-768x1021.jpeg 768w, https:\/\/tg-schierstein.de\/wp-content\/uploads\/2026\/03\/G-Jugend_Breckenheim_07-03-2026__02-1156x1536.jpeg 1156w, https:\/\/tg-schierstein.de\/wp-content\/uploads\/2026\/03\/G-Jugend_Breckenheim_07-03-2026__02-1129x1500.jpeg 1129w, https:\/\/tg-schierstein.de\/wp-content\/uploads\/2026\/03\/G-Jugend_Breckenheim_07-03-2026__02-531x705.jpeg 531w\" sizes=\"auto, (max-width: 188px) 100vw, 188px\" \/><\/a> <a href=\"https:\/\/tg-schierstein.de\/wp-content\/uploads\/2026\/03\/G-Jugend_Breckenheim_07-03-2026__03.jpeg\"><img loading=\"lazy\" decoding=\"async\" class=\"alignnone wp-image-13712\" src=\"https:\/\/tg-schierstein.de\/wp-content\/uploads\/2026\/03\/G-Jugend_Breckenheim_07-03-2026__03.jpeg\" alt=\"\" width=\"188\" height=\"250\" srcset=\"https:\/\/tg-schierstein.de\/wp-content\/uploads\/2026\/03\/G-Jugend_Breckenheim_07-03-2026__03.jpeg 1204w, https:\/\/tg-schierstein.de\/wp-content\/uploads\/2026\/03\/G-Jugend_Breckenheim_07-03-2026__03-226x300.jpeg 226w, https:\/\/tg-schierstein.de\/wp-content\/uploads\/2026\/03\/G-Jugend_Breckenheim_07-03-2026__03-771x1024.jpeg 771w, https:\/\/tg-schierstein.de\/wp-content\/uploads\/2026\/03\/G-Jugend_Breckenheim_07-03-2026__03-768x1021.jpeg 768w, https:\/\/tg-schierstein.de\/wp-content\/uploads\/2026\/03\/G-Jugend_Breckenheim_07-03-2026__03-1156x1536.jpeg 1156w, https:\/\/tg-schierstein.de\/wp-content\/uploads\/2026\/03\/G-Jugend_Breckenheim_07-03-2026__03-1129x1500.jpeg 1129w, https:\/\/tg-schierstein.de\/wp-content\/uploads\/2026\/03\/G-Jugend_Breckenheim_07-03-2026__03-531x705.jpeg 531w\" sizes=\"auto, (max-width: 188px) 100vw, 188px\" \/><\/a> <a href=\"https:\/\/tg-schierstein.de\/wp-content\/uploads\/2026\/03\/G-Jugend_Breckenheim_07-03-2026__04.jpeg\"><img loading=\"lazy\" decoding=\"async\" class=\"alignnone wp-image-13714\" src=\"https:\/\/tg-schierstein.de\/wp-content\/uploads\/2026\/03\/G-Jugend_Breckenheim_07-03-2026__04.jpeg\" alt=\"\" width=\"188\" height=\"250\" srcset=\"https:\/\/tg-schierstein.de\/wp-content\/uploads\/2026\/03\/G-Jugend_Breckenheim_07-03-2026__04.jpeg 1204w, https:\/\/tg-schierstein.de\/wp-content\/uploads\/2026\/03\/G-Jugend_Breckenheim_07-03-2026__04-226x300.jpeg 226w, https:\/\/tg-schierstein.de\/wp-content\/uploads\/2026\/03\/G-Jugend_Breckenheim_07-03-2026__04-771x1024.jpeg 771w, https:\/\/tg-schierstein.de\/wp-content\/uploads\/2026\/03\/G-Jugend_Breckenheim_07-03-2026__04-768x1021.jpeg 768w, https:\/\/tg-schierstein.de\/wp-content\/uploads\/2026\/03\/G-Jugend_Breckenheim_07-03-2026__04-1156x1536.jpeg 1156w, https:\/\/tg-schierstein.de\/wp-content\/uploads\/2026\/03\/G-Jugend_Breckenheim_07-03-2026__04-1129x1500.jpeg 1129w, https:\/\/tg-schierstein.de\/wp-content\/uploads\/2026\/03\/G-Jugend_Breckenheim_07-03-2026__04-531x705.jpeg 531w\" sizes=\"auto, (max-width: 188px) 100vw, 188px\" \/><\/a> <a href=\"https:\/\/tg-schierstein.de\/wp-content\/uploads\/2026\/03\/G-Jugend_Breckenheim_07-03-2026__05.jpeg\"><img loading=\"lazy\" decoding=\"async\" class=\"alignnone wp-image-13710\" src=\"https:\/\/tg-schierstein.de\/wp-content\/uploads\/2026\/03\/G-Jugend_Breckenheim_07-03-2026__05.jpeg\" alt=\"\" width=\"433\" height=\"250\" srcset=\"https:\/\/tg-schierstein.de\/wp-content\/uploads\/2026\/03\/G-Jugend_Breckenheim_07-03-2026__05.jpeg 1600w, https:\/\/tg-schierstein.de\/wp-content\/uploads\/2026\/03\/G-Jugend_Breckenheim_07-03-2026__05-300x173.jpeg 300w, https:\/\/tg-schierstein.de\/wp-content\/uploads\/2026\/03\/G-Jugend_Breckenheim_07-03-2026__05-1024x591.jpeg 1024w, https:\/\/tg-schierstein.de\/wp-content\/uploads\/2026\/03\/G-Jugend_Breckenheim_07-03-2026__05-768x443.jpeg 768w, https:\/\/tg-schierstein.de\/wp-content\/uploads\/2026\/03\/G-Jugend_Breckenheim_07-03-2026__05-1536x886.jpeg 1536w, https:\/\/tg-schierstein.de\/wp-content\/uploads\/2026\/03\/G-Jugend_Breckenheim_07-03-2026__05-1500x865.jpeg 1500w, https:\/\/tg-schierstein.de\/wp-content\/uploads\/2026\/03\/G-Jugend_Breckenheim_07-03-2026__05-705x407.jpeg 705w\" sizes=\"auto, (max-width: 433px) 100vw, 433px\" \/><\/a> <a href=\"https:\/\/tg-schierstein.de\/wp-content\/uploads\/2026\/03\/G-Jugend_Breckenheim_07-03-2026__06.jpeg\"><img loading=\"lazy\" decoding=\"async\" class=\"alignnone wp-image-13715\" src=\"https:\/\/tg-schierstein.de\/wp-content\/uploads\/2026\/03\/G-Jugend_Breckenheim_07-03-2026__06.jpeg\" alt=\"\" width=\"528\" height=\"250\" srcset=\"https:\/\/tg-schierstein.de\/wp-content\/uploads\/2026\/03\/G-Jugend_Breckenheim_07-03-2026__06.jpeg 1600w, https:\/\/tg-schierstein.de\/wp-content\/uploads\/2026\/03\/G-Jugend_Breckenheim_07-03-2026__06-300x142.jpeg 300w, https:\/\/tg-schierstein.de\/wp-content\/uploads\/2026\/03\/G-Jugend_Breckenheim_07-03-2026__06-1024x484.jpeg 1024w, https:\/\/tg-schierstein.de\/wp-content\/uploads\/2026\/03\/G-Jugend_Breckenheim_07-03-2026__06-768x363.jpeg 768w, https:\/\/tg-schierstein.de\/wp-content\/uploads\/2026\/03\/G-Jugend_Breckenheim_07-03-2026__06-1536x727.jpeg 1536w, https:\/\/tg-schierstein.de\/wp-content\/uploads\/2026\/03\/G-Jugend_Breckenheim_07-03-2026__06-1500x710.jpeg 1500w, https:\/\/tg-schierstein.de\/wp-content\/uploads\/2026\/03\/G-Jugend_Breckenheim_07-03-2026__06-705x334.jpeg 705w\" sizes=\"auto, (max-width: 528px) 100vw, 528px\" \/><\/a><\/p>\n<\/div>\n","protected":false},"excerpt":{"rendered":"<p>Am Samstag, den 07.03.2026, nahm unsere G-Jugend am Spielefest der HSG Breckenheim\/Wallau\/Massenheim teil. Leider konnten wir \u00fcber den Bezirk nur ein Team anmelden, sodass lediglich zw\u00f6lf unserer insgesamt 23 Spielerinnen [&hellip;]<\/p>\n","protected":false},"author":12,"featured_media":13710,"comment_status":"closed","ping_status":"closed","sticky":false,"template":"","format":"standard","meta":{"_acf_changed":false,"footnotes":""},"categories":[25],"tags":[],"class_list":["post-13709","post","type-post","status-publish","format-standard","has-post-thumbnail","hentry","category-handball"],"acf":[],"publishpress_future_action":{"enabled":false,"date":"2026-05-03 12:58:22","action":"change-status","newStatus":"draft","terms":[],"taxonomy":"category","extraData":[]},"publishpress_future_workflow_manual_trigger":{"enabledWorkflows":[]},"_links":{"self":[{"href":"https:\/\/tg-schierstein.de\/index.php?rest_route=\/wp\/v2\/posts\/13709","targetHints":{"allow":["GET"]}}],"collection":[{"href":"https:\/\/tg-schierstein.de\/index.php?rest_route=\/wp\/v2\/posts"}],"about":[{"href":"https:\/\/tg-schierstein.de\/index.php?rest_route=\/wp\/v2\/types\/post"}],"author":[{"embeddable":true,"href":"https:\/\/tg-schierstein.de\/index.php?rest_route=\/wp\/v2\/users\/12"}],"replies":[{"embeddable":true,"href":"https:\/\/tg-schierstein.de\/index.php?rest_route=%2Fwp%2Fv2%2Fcomments&post=13709"}],"version-history":[{"count":4,"href":"https:\/\/tg-schierstein.de\/index.php?rest_route=\/wp\/v2\/posts\/13709\/revisions"}],"predecessor-version":[{"id":13719,"href":"https:\/\/tg-schierstein.de\/index.php?rest_route=\/wp\/v2\/posts\/13709\/revisions\/13719"}],"wp:featuredmedia":[{"embeddable":true,"href":"https:\/\/tg-schierstein.de\/index.php?rest_route=\/wp\/v2\/media\/13710"}],"wp:attachment":[{"href":"https:\/\/tg-schierstein.de\/index.php?rest_route=%2Fwp%2Fv2%2Fmedia&parent=13709"}],"wp:term":[{"taxonomy":"category","embeddable":true,"href":"https:\/\/tg-schierstein.de\/index.php?rest_route=%2Fwp%2Fv2%2Fcategories&post=13709"},{"taxonomy":"post_tag","embeddable":true,"href":"https:\/\/tg-schierstein.de\/index.php?rest_route=%2Fwp%2Fv2%2Ftags&post=13709"}],"curies":[{"name":"wp","href":"https:\/\/api.w.org\/{rel}","templated":true}]}}