{"id":1356,"date":"2020-08-03T14:05:32","date_gmt":"2020-08-03T12:05:32","guid":{"rendered":"https:\/\/test.tg-schierstein.de\/?p=1356"},"modified":"2023-05-07T22:20:48","modified_gmt":"2023-05-07T20:20:48","slug":"ein-tolles-fsj-jahr-trotz-corona","status":"publish","type":"post","link":"https:\/\/tg-schierstein.de\/?p=1356","title":{"rendered":"Ein tolles FSJ Jahr \u2013 trotz Corona!"},"content":{"rendered":"<p><img loading=\"lazy\" decoding=\"async\" class=\"aligncenter wp-image-1186\" src=\"https:\/\/tg-schierstein.de\/wp-content\/uploads\/2021\/05\/Josef_Komora_FSJ_2019-2020-scaled.jpg\" alt=\"\" width=\"133\" height=\"200\" srcset=\"https:\/\/tg-schierstein.de\/wp-content\/uploads\/2021\/05\/Josef_Komora_FSJ_2019-2020-scaled.jpg 1707w, https:\/\/tg-schierstein.de\/wp-content\/uploads\/2021\/05\/Josef_Komora_FSJ_2019-2020-200x300.jpg 200w, https:\/\/tg-schierstein.de\/wp-content\/uploads\/2021\/05\/Josef_Komora_FSJ_2019-2020-683x1024.jpg 683w, https:\/\/tg-schierstein.de\/wp-content\/uploads\/2021\/05\/Josef_Komora_FSJ_2019-2020-768x1152.jpg 768w, https:\/\/tg-schierstein.de\/wp-content\/uploads\/2021\/05\/Josef_Komora_FSJ_2019-2020-1024x1536.jpg 1024w, https:\/\/tg-schierstein.de\/wp-content\/uploads\/2021\/05\/Josef_Komora_FSJ_2019-2020-1365x2048.jpg 1365w, https:\/\/tg-schierstein.de\/wp-content\/uploads\/2021\/05\/Josef_Komora_FSJ_2019-2020-1000x1500.jpg 1000w, https:\/\/tg-schierstein.de\/wp-content\/uploads\/2021\/05\/Josef_Komora_FSJ_2019-2020-470x705.jpg 470w\" sizes=\"auto, (max-width: 133px) 100vw, 133px\" \/><br \/>\nAm 31.07.2020 endet mein FSJ bei der TG Schierstein. 12 ereignisreiche Monate liegen hinter mir und ich gehe mit einem lachenden und einem weinenden Auge! Warum? Ein weinendes Auge, weil diese aufregenden 12 Monate mit all den unterschiedlichen Kindern und Jugendlichen einen Heidenspa\u00df gemacht haben und ich das alles vermissen werde. Ein lachendes Auge aber auch, da ich durch das FSJ meinen Berufswunsch gefunden haben und bald mit meiner Ausbildung beginnen werde.<\/p>\n<p><strong>Was habe ich gemacht?<\/strong><\/p>\n<p>Ich habe 4 verschiedene Handballmannschaften trainiert, mit denen ich oftmals auch am Wochenende bei den Handballspielen war. Ich durfte bei den Turnern mithelfen, sowohl bei den Drei- bis Sechsj\u00e4hrigen, als auch bei den \u00c4lteren. Dort konnte ich viel von den Trainern lernen, da Turnen eigentlich nicht meine Sportart ist. Auch beim Eltern-Kind-Turnen habe ich mitgeholfen und immer viele wichtige und hilfreiche Tipps von meiner Trainerkollegin bekommen. Au\u00dferdem war ich vormittags an drei verschiedenen Tagen in drei verschieden Kitas in Schierstein unterwegs und konnte die verschiedenen Einrichtungen kennenlernen. Hier hatte ich die Aufgabe, Sportstunden f\u00fcr die Kinder zu gestalten und konnte die unterschiedlichsten Spiele anbieten. Mittags habe ich dann in zwei Schulen Sport-AGs angeboten, einmal in der Eichendorff-Schule eine Handball-AG und dann in der Hafenschule eine allgemeine Sport-AG.<\/p>\n<p>Einmal in der Woche habe ich mich mit meinem Anleiter, Sebastian H\u00e4user, getroffen, mit dem ich \u00fcber alles reden konnte, was mir so im FSJ begegnet ist. Da er selbst ein ehemaliger FSJ\u00b4ler der TG ist, waren Ratschl\u00e4ge und gute Tipps garantiert! (@Sebastian: Danke!!! Weiter so!!!)<\/p>\n<p>Und schlie\u00dflich war ich im Jugendausschuss des Vereins, der Veranstaltungen f\u00fcr die Kinder der TG organisiert, unabh\u00e4ngig aus welcher Abteilung sie kommen. Wir treffen uns einmal im Monat und planen Veranstaltungen und Ausfl\u00fcge f\u00fcr die Kinder.<\/p>\n<p>Abgesehen von all diesen Aufgaben gab es f\u00fcr mich als FSJ\u00b4ler etwa alle drei Monate einen einw\u00f6chigen Lehrgang, bei dem ich andere FSJ\u00b4ler im Bereich Sport aus unterschiedlichen St\u00e4dten und Vereinen getroffen habe. Jeweils eine Woche waren wir in Wetzlar, in Frankfurt und in Alsfeld und haben dort nicht nur theoretischen Input bekommen, sondern auch praktische Tipps und Hilfe. In diesen Seminarwochen habe ich auch meinen allgemeinen C-Schein erworben.<\/p>\n<p><img loading=\"lazy\" decoding=\"async\" class=\"aligncenter wp-image-1231 size-portfolio\" src=\"https:\/\/tg-schierstein.de\/wp-content\/uploads\/2020\/08\/Bild-FSJ-Handballcamp-2020-495x400.jpg\" alt=\"\" width=\"495\" height=\"400\" srcset=\"https:\/\/tg-schierstein.de\/wp-content\/uploads\/2020\/08\/Bild-FSJ-Handballcamp-2020-495x400.jpg 495w, https:\/\/tg-schierstein.de\/wp-content\/uploads\/2020\/08\/Bild-FSJ-Handballcamp-2020-845x684.jpg 845w\" sizes=\"auto, (max-width: 495px) 100vw, 495px\" \/><\/p>\n<p><strong>Was hat mir am besten gefallen?<\/strong><\/p>\n<p>Am besten haben mir die Sportstunden mit den Kleinsten gefallen, auch weil ich da selbst viel gestalten konnte und alle Ideen, die ich von den Lehrg\u00e4ngen mitgebracht habe, einsetzen konnte. \u00a0Toll war, dass ich in den Kitas auch Ansprechpartner hatte, die mir immer Feedback und Tipps gegeben haben.<\/p>\n<p><strong>Was war ganz neu und ungewohnt f\u00fcr mich?<\/strong><\/p>\n<p>Eine eigene Handballmannschaft zu trainieren. Vor dem FSJ war ich immer nur Spieler und nie auf der Trainerseite. Es war spannend und neu f\u00fcr mich, auf der anderen Seite zu stehen.<\/p>\n<p><strong>Auf was m\u00f6chte ich auch in Zukunft auf keinen Fall verzichten?<\/strong><\/p>\n<p>Auf Handball nat\u00fcrlich. Aber auch auf das Trainieren einer Mannschaft. Nach den Ferien werde ich zusammen mit Christian Fleischer und Marcus M\u00fchling die D1 trainieren.<\/p>\n<p><strong>Woran werde ich in 10 Jahren noch denken?<\/strong><\/p>\n<p>An die Halloweenfeier in der Georg-Lang-Halle! Der Jugendausschuss hatte einen spektakul\u00e4ren Gruselgang aufgebaut, in dem wir uns versteckten, die Kinder erschreckten und am Ende eine Nachtwanderung machten. In der Halle durften anschlie\u00dfend alle, die wollten, \u00fcbernachten.<\/p>\n<p>Im M\u00e4rz dann kam der Corona- Lockdown, der mich leider ins Homeoffice und damit mehr oder weniger in die Tatenlosigkeit verbannt hat. Das war sicherlich nicht gerade das Highlight, aber zum Gl\u00fcck konnte ich die letzten Wochen wieder ins Training und damit fast in die Normalit\u00e4t zur\u00fcck.<\/p>\n<p>Zum Schluss dann durfte ich noch den \u201eNeuen\u201c in den Kitas vorstellen, ab 01.08.2020 dann ist Paul Bonin FSJ\u00b4ler der TG-Schierstein. Viel Spa\u00df, Paul!<\/p>\n<p>Josef Komora<\/p>\n","protected":false},"excerpt":{"rendered":"<p>Am 31.07.2020 endet mein FSJ bei der TG Schierstein. 12 ereignisreiche Monate liegen hinter mir und ich gehe mit einem lachenden und einem weinenden Auge! Warum? Ein weinendes Auge, weil [&hellip;]<\/p>\n","protected":false},"author":1,"featured_media":1212,"comment_status":"closed","ping_status":"closed","sticky":false,"template":"","format":"standard","meta":{"_acf_changed":false,"footnotes":""},"categories":[14],"tags":[],"class_list":["post-1356","post","type-post","status-publish","format-standard","has-post-thumbnail","hentry","category-verein"],"acf":[],"publishpress_future_action":{"enabled":false,"date":"2026-05-10 16:01:03","action":"change-status","newStatus":"draft","terms":[],"taxonomy":"category","extraData":[]},"publishpress_future_workflow_manual_trigger":{"enabledWorkflows":[]},"_links":{"self":[{"href":"https:\/\/tg-schierstein.de\/index.php?rest_route=\/wp\/v2\/posts\/1356","targetHints":{"allow":["GET"]}}],"collection":[{"href":"https:\/\/tg-schierstein.de\/index.php?rest_route=\/wp\/v2\/posts"}],"about":[{"href":"https:\/\/tg-schierstein.de\/index.php?rest_route=\/wp\/v2\/types\/post"}],"author":[{"embeddable":true,"href":"https:\/\/tg-schierstein.de\/index.php?rest_route=\/wp\/v2\/users\/1"}],"replies":[{"embeddable":true,"href":"https:\/\/tg-schierstein.de\/index.php?rest_route=%2Fwp%2Fv2%2Fcomments&post=1356"}],"version-history":[{"count":0,"href":"https:\/\/tg-schierstein.de\/index.php?rest_route=\/wp\/v2\/posts\/1356\/revisions"}],"wp:featuredmedia":[{"embeddable":true,"href":"https:\/\/tg-schierstein.de\/index.php?rest_route=\/wp\/v2\/media\/1212"}],"wp:attachment":[{"href":"https:\/\/tg-schierstein.de\/index.php?rest_route=%2Fwp%2Fv2%2Fmedia&parent=1356"}],"wp:term":[{"taxonomy":"category","embeddable":true,"href":"https:\/\/tg-schierstein.de\/index.php?rest_route=%2Fwp%2Fv2%2Fcategories&post=1356"},{"taxonomy":"post_tag","embeddable":true,"href":"https:\/\/tg-schierstein.de\/index.php?rest_route=%2Fwp%2Fv2%2Ftags&post=1356"}],"curies":[{"name":"wp","href":"https:\/\/api.w.org\/{rel}","templated":true}]}}