{"id":13002,"date":"2025-11-30T17:00:44","date_gmt":"2025-11-30T16:00:44","guid":{"rendered":"https:\/\/tg-schierstein.de\/?p=13002"},"modified":"2025-12-03T10:19:41","modified_gmt":"2025-12-03T09:19:41","slug":"wandern-wir-waren-wieder-wandern-3","status":"publish","type":"post","link":"https:\/\/tg-schierstein.de\/?p=13002","title":{"rendered":"Wandern | Wir waren wieder wandern !"},"content":{"rendered":"<p>Am 1. Advent fand unsere vierte und letzte Tour f\u00fcr dieses Jahr statt.<\/p>\n<p>Los ging es mit dem Bus nach Schierstein Nord. Wir wanderten vorbei an der Sch\u00f6nstatt Kapelle, durch die Schiersteiner und Frauensteiner Weinberge.<\/p>\n<p>Unterwegs machen wir immer Rast mit Ria`s Spekulatiuslik\u00f6r und selbstgemachten Leckereien. Eine Weihnachtsgeschichte sorgte f\u00fcr besinnliche Momente. Jeder Wanderer erfreute sich \u00fcber ein Gl\u00f6ckchen, das ihn durch die Adventszeit begleiten sollte.<\/p>\n<p>Gut gest\u00e4rkt ging es weiter Richtung Hof Armada. Hier besuchten wir den Weihnachtsmarkt. Nach ausgiebiger Pause marschierten wir zur\u00fcck in Schierstein.<\/p>\n<p>Im Weingut Meilinger lie\u00dfen wir bei \u201eGl\u00fchwein &amp; Co \u201eden Tag ausklingen. Wir waren wieder eine richtig tolle Truppe, die trotz leichtem Regenwetter viel Spa\u00df hatte. Auch \u00fcber Gastwanderer haben wir uns gefreut.<\/p>\n<p>Wir sehen uns wieder im Fr\u00fchling 2026.<\/p>\n<p>Bis dahin w\u00fcnsche ich ALLEN eine sch\u00f6ne Adventzeit, friedliche und besinnliche Feiertage und einen guten Rutsch in ein gl\u00fcckliches neues Jahr.<\/p>\n<p><a href=\"https:\/\/tg-schierstein.de\/wp-content\/uploads\/2025\/12\/Wandern_30-11-2025__001.jpeg\"><img loading=\"lazy\" decoding=\"async\" class=\"alignnone wp-image-12993\" src=\"https:\/\/tg-schierstein.de\/wp-content\/uploads\/2025\/12\/Wandern_30-11-2025__001.jpeg\" alt=\"\" width=\"188\" height=\"250\" srcset=\"https:\/\/tg-schierstein.de\/wp-content\/uploads\/2025\/12\/Wandern_30-11-2025__001.jpeg 1200w, https:\/\/tg-schierstein.de\/wp-content\/uploads\/2025\/12\/Wandern_30-11-2025__001-225x300.jpeg 225w, https:\/\/tg-schierstein.de\/wp-content\/uploads\/2025\/12\/Wandern_30-11-2025__001-768x1024.jpeg 768w, https:\/\/tg-schierstein.de\/wp-content\/uploads\/2025\/12\/Wandern_30-11-2025__001-1152x1536.jpeg 1152w, https:\/\/tg-schierstein.de\/wp-content\/uploads\/2025\/12\/Wandern_30-11-2025__001-1125x1500.jpeg 1125w, https:\/\/tg-schierstein.de\/wp-content\/uploads\/2025\/12\/Wandern_30-11-2025__001-529x705.jpeg 529w\" sizes=\"auto, (max-width: 188px) 100vw, 188px\" \/><\/a> <a href=\"https:\/\/tg-schierstein.de\/wp-content\/uploads\/2025\/12\/Wandern_30-11-2025__002.jpeg\"><img loading=\"lazy\" decoding=\"async\" class=\"alignnone wp-image-12994\" src=\"https:\/\/tg-schierstein.de\/wp-content\/uploads\/2025\/12\/Wandern_30-11-2025__002.jpeg\" alt=\"\" width=\"333\" height=\"250\" srcset=\"https:\/\/tg-schierstein.de\/wp-content\/uploads\/2025\/12\/Wandern_30-11-2025__002.jpeg 1600w, https:\/\/tg-schierstein.de\/wp-content\/uploads\/2025\/12\/Wandern_30-11-2025__002-300x225.jpeg 300w, https:\/\/tg-schierstein.de\/wp-content\/uploads\/2025\/12\/Wandern_30-11-2025__002-1024x768.jpeg 1024w, https:\/\/tg-schierstein.de\/wp-content\/uploads\/2025\/12\/Wandern_30-11-2025__002-768x576.jpeg 768w, https:\/\/tg-schierstein.de\/wp-content\/uploads\/2025\/12\/Wandern_30-11-2025__002-1536x1152.jpeg 1536w, https:\/\/tg-schierstein.de\/wp-content\/uploads\/2025\/12\/Wandern_30-11-2025__002-1500x1125.jpeg 1500w, https:\/\/tg-schierstein.de\/wp-content\/uploads\/2025\/12\/Wandern_30-11-2025__002-705x529.jpeg 705w\" sizes=\"auto, (max-width: 333px) 100vw, 333px\" \/><\/a> <a href=\"https:\/\/tg-schierstein.de\/wp-content\/uploads\/2025\/12\/Wandern_30-11-2025__003.jpeg\"><img loading=\"lazy\" decoding=\"async\" class=\"alignnone wp-image-12995\" src=\"https:\/\/tg-schierstein.de\/wp-content\/uploads\/2025\/12\/Wandern_30-11-2025__003.jpeg\" alt=\"\" width=\"188\" height=\"250\" srcset=\"https:\/\/tg-schierstein.de\/wp-content\/uploads\/2025\/12\/Wandern_30-11-2025__003.jpeg 1200w, https:\/\/tg-schierstein.de\/wp-content\/uploads\/2025\/12\/Wandern_30-11-2025__003-225x300.jpeg 225w, https:\/\/tg-schierstein.de\/wp-content\/uploads\/2025\/12\/Wandern_30-11-2025__003-768x1024.jpeg 768w, https:\/\/tg-schierstein.de\/wp-content\/uploads\/2025\/12\/Wandern_30-11-2025__003-1152x1536.jpeg 1152w, https:\/\/tg-schierstein.de\/wp-content\/uploads\/2025\/12\/Wandern_30-11-2025__003-1125x1500.jpeg 1125w, https:\/\/tg-schierstein.de\/wp-content\/uploads\/2025\/12\/Wandern_30-11-2025__003-529x705.jpeg 529w\" sizes=\"auto, (max-width: 188px) 100vw, 188px\" \/><\/a> <a href=\"https:\/\/tg-schierstein.de\/wp-content\/uploads\/2025\/12\/Wandern_30-11-2025__006.jpeg\"><img loading=\"lazy\" decoding=\"async\" class=\"alignnone wp-image-12998\" src=\"https:\/\/tg-schierstein.de\/wp-content\/uploads\/2025\/12\/Wandern_30-11-2025__006.jpeg\" alt=\"\" width=\"333\" height=\"250\" srcset=\"https:\/\/tg-schierstein.de\/wp-content\/uploads\/2025\/12\/Wandern_30-11-2025__006.jpeg 1600w, https:\/\/tg-schierstein.de\/wp-content\/uploads\/2025\/12\/Wandern_30-11-2025__006-300x225.jpeg 300w, https:\/\/tg-schierstein.de\/wp-content\/uploads\/2025\/12\/Wandern_30-11-2025__006-1024x768.jpeg 1024w, https:\/\/tg-schierstein.de\/wp-content\/uploads\/2025\/12\/Wandern_30-11-2025__006-768x576.jpeg 768w, https:\/\/tg-schierstein.de\/wp-content\/uploads\/2025\/12\/Wandern_30-11-2025__006-1536x1152.jpeg 1536w, https:\/\/tg-schierstein.de\/wp-content\/uploads\/2025\/12\/Wandern_30-11-2025__006-1500x1125.jpeg 1500w, https:\/\/tg-schierstein.de\/wp-content\/uploads\/2025\/12\/Wandern_30-11-2025__006-705x529.jpeg 705w\" sizes=\"auto, (max-width: 333px) 100vw, 333px\" \/><\/a> <a href=\"https:\/\/tg-schierstein.de\/wp-content\/uploads\/2025\/12\/Wandern_30-11-2025__007.jpeg\"><img loading=\"lazy\" decoding=\"async\" class=\"alignnone wp-image-12999\" src=\"https:\/\/tg-schierstein.de\/wp-content\/uploads\/2025\/12\/Wandern_30-11-2025__007.jpeg\" alt=\"\" width=\"188\" height=\"250\" srcset=\"https:\/\/tg-schierstein.de\/wp-content\/uploads\/2025\/12\/Wandern_30-11-2025__007.jpeg 1200w, https:\/\/tg-schierstein.de\/wp-content\/uploads\/2025\/12\/Wandern_30-11-2025__007-225x300.jpeg 225w, https:\/\/tg-schierstein.de\/wp-content\/uploads\/2025\/12\/Wandern_30-11-2025__007-768x1024.jpeg 768w, https:\/\/tg-schierstein.de\/wp-content\/uploads\/2025\/12\/Wandern_30-11-2025__007-1152x1536.jpeg 1152w, https:\/\/tg-schierstein.de\/wp-content\/uploads\/2025\/12\/Wandern_30-11-2025__007-1125x1500.jpeg 1125w, https:\/\/tg-schierstein.de\/wp-content\/uploads\/2025\/12\/Wandern_30-11-2025__007-529x705.jpeg 529w\" sizes=\"auto, (max-width: 188px) 100vw, 188px\" \/><\/a> <a href=\"https:\/\/tg-schierstein.de\/wp-content\/uploads\/2025\/12\/Wandern_30-11-2025__009.jpeg\"><img loading=\"lazy\" decoding=\"async\" class=\"alignnone wp-image-13001\" src=\"https:\/\/tg-schierstein.de\/wp-content\/uploads\/2025\/12\/Wandern_30-11-2025__009.jpeg\" alt=\"\" width=\"333\" height=\"250\" srcset=\"https:\/\/tg-schierstein.de\/wp-content\/uploads\/2025\/12\/Wandern_30-11-2025__009.jpeg 2000w, https:\/\/tg-schierstein.de\/wp-content\/uploads\/2025\/12\/Wandern_30-11-2025__009-300x225.jpeg 300w, https:\/\/tg-schierstein.de\/wp-content\/uploads\/2025\/12\/Wandern_30-11-2025__009-1024x768.jpeg 1024w, https:\/\/tg-schierstein.de\/wp-content\/uploads\/2025\/12\/Wandern_30-11-2025__009-768x576.jpeg 768w, https:\/\/tg-schierstein.de\/wp-content\/uploads\/2025\/12\/Wandern_30-11-2025__009-1536x1152.jpeg 1536w, https:\/\/tg-schierstein.de\/wp-content\/uploads\/2025\/12\/Wandern_30-11-2025__009-1500x1125.jpeg 1500w, https:\/\/tg-schierstein.de\/wp-content\/uploads\/2025\/12\/Wandern_30-11-2025__009-705x529.jpeg 705w\" sizes=\"auto, (max-width: 333px) 100vw, 333px\" \/><\/a> <a href=\"https:\/\/tg-schierstein.de\/wp-content\/uploads\/2025\/12\/Wandern_30-11-2025__004.jpeg\"><img loading=\"lazy\" decoding=\"async\" class=\"alignnone wp-image-12996\" src=\"https:\/\/tg-schierstein.de\/wp-content\/uploads\/2025\/12\/Wandern_30-11-2025__004.jpeg\" alt=\"\" width=\"333\" height=\"250\" srcset=\"https:\/\/tg-schierstein.de\/wp-content\/uploads\/2025\/12\/Wandern_30-11-2025__004.jpeg 1600w, https:\/\/tg-schierstein.de\/wp-content\/uploads\/2025\/12\/Wandern_30-11-2025__004-300x225.jpeg 300w, https:\/\/tg-schierstein.de\/wp-content\/uploads\/2025\/12\/Wandern_30-11-2025__004-1024x768.jpeg 1024w, https:\/\/tg-schierstein.de\/wp-content\/uploads\/2025\/12\/Wandern_30-11-2025__004-768x576.jpeg 768w, https:\/\/tg-schierstein.de\/wp-content\/uploads\/2025\/12\/Wandern_30-11-2025__004-1536x1152.jpeg 1536w, https:\/\/tg-schierstein.de\/wp-content\/uploads\/2025\/12\/Wandern_30-11-2025__004-1500x1125.jpeg 1500w, https:\/\/tg-schierstein.de\/wp-content\/uploads\/2025\/12\/Wandern_30-11-2025__004-705x529.jpeg 705w\" sizes=\"auto, (max-width: 333px) 100vw, 333px\" \/><\/a> <a href=\"https:\/\/tg-schierstein.de\/wp-content\/uploads\/2025\/12\/Wandern_30-11-2025__008.jpeg\"><img loading=\"lazy\" decoding=\"async\" class=\"alignnone wp-image-13000\" src=\"https:\/\/tg-schierstein.de\/wp-content\/uploads\/2025\/12\/Wandern_30-11-2025__008.jpeg\" alt=\"\" width=\"188\" height=\"250\" srcset=\"https:\/\/tg-schierstein.de\/wp-content\/uploads\/2025\/12\/Wandern_30-11-2025__008.jpeg 1200w, https:\/\/tg-schierstein.de\/wp-content\/uploads\/2025\/12\/Wandern_30-11-2025__008-225x300.jpeg 225w, https:\/\/tg-schierstein.de\/wp-content\/uploads\/2025\/12\/Wandern_30-11-2025__008-768x1024.jpeg 768w, https:\/\/tg-schierstein.de\/wp-content\/uploads\/2025\/12\/Wandern_30-11-2025__008-1152x1536.jpeg 1152w, https:\/\/tg-schierstein.de\/wp-content\/uploads\/2025\/12\/Wandern_30-11-2025__008-1125x1500.jpeg 1125w, https:\/\/tg-schierstein.de\/wp-content\/uploads\/2025\/12\/Wandern_30-11-2025__008-529x705.jpeg 529w\" sizes=\"auto, (max-width: 188px) 100vw, 188px\" \/><\/a> <a href=\"https:\/\/tg-schierstein.de\/wp-content\/uploads\/2025\/12\/Wandern_30-11-2025__005.jpeg\"><img loading=\"lazy\" decoding=\"async\" class=\"alignnone wp-image-12997\" src=\"https:\/\/tg-schierstein.de\/wp-content\/uploads\/2025\/12\/Wandern_30-11-2025__005.jpeg\" alt=\"\" width=\"333\" height=\"250\" srcset=\"https:\/\/tg-schierstein.de\/wp-content\/uploads\/2025\/12\/Wandern_30-11-2025__005.jpeg 1600w, https:\/\/tg-schierstein.de\/wp-content\/uploads\/2025\/12\/Wandern_30-11-2025__005-300x225.jpeg 300w, https:\/\/tg-schierstein.de\/wp-content\/uploads\/2025\/12\/Wandern_30-11-2025__005-1024x768.jpeg 1024w, https:\/\/tg-schierstein.de\/wp-content\/uploads\/2025\/12\/Wandern_30-11-2025__005-768x576.jpeg 768w, https:\/\/tg-schierstein.de\/wp-content\/uploads\/2025\/12\/Wandern_30-11-2025__005-1536x1152.jpeg 1536w, https:\/\/tg-schierstein.de\/wp-content\/uploads\/2025\/12\/Wandern_30-11-2025__005-1500x1125.jpeg 1500w, https:\/\/tg-schierstein.de\/wp-content\/uploads\/2025\/12\/Wandern_30-11-2025__005-705x529.jpeg 705w\" sizes=\"auto, (max-width: 333px) 100vw, 333px\" \/><\/a><\/p>\n","protected":false},"excerpt":{"rendered":"<p>Am 1. Advent fand unsere vierte und letzte Tour f\u00fcr dieses Jahr statt. Los ging es mit dem Bus nach Schierstein Nord. Wir wanderten vorbei an der Sch\u00f6nstatt Kapelle, durch [&hellip;]<\/p>\n","protected":false},"author":1,"featured_media":12997,"comment_status":"closed","ping_status":"closed","sticky":false,"template":"","format":"standard","meta":{"_acf_changed":false,"footnotes":""},"categories":[12],"tags":[],"class_list":["post-13002","post","type-post","status-publish","format-standard","has-post-thumbnail","hentry","category-wandern"],"acf":[],"publishpress_future_action":{"enabled":false,"date":"2026-05-08 10:33:24","action":"change-status","newStatus":"draft","terms":[],"taxonomy":"category","extraData":[]},"publishpress_future_workflow_manual_trigger":{"enabledWorkflows":[]},"_links":{"self":[{"href":"https:\/\/tg-schierstein.de\/index.php?rest_route=\/wp\/v2\/posts\/13002","targetHints":{"allow":["GET"]}}],"collection":[{"href":"https:\/\/tg-schierstein.de\/index.php?rest_route=\/wp\/v2\/posts"}],"about":[{"href":"https:\/\/tg-schierstein.de\/index.php?rest_route=\/wp\/v2\/types\/post"}],"author":[{"embeddable":true,"href":"https:\/\/tg-schierstein.de\/index.php?rest_route=\/wp\/v2\/users\/1"}],"replies":[{"embeddable":true,"href":"https:\/\/tg-schierstein.de\/index.php?rest_route=%2Fwp%2Fv2%2Fcomments&post=13002"}],"version-history":[{"count":2,"href":"https:\/\/tg-schierstein.de\/index.php?rest_route=\/wp\/v2\/posts\/13002\/revisions"}],"predecessor-version":[{"id":13004,"href":"https:\/\/tg-schierstein.de\/index.php?rest_route=\/wp\/v2\/posts\/13002\/revisions\/13004"}],"wp:featuredmedia":[{"embeddable":true,"href":"https:\/\/tg-schierstein.de\/index.php?rest_route=\/wp\/v2\/media\/12997"}],"wp:attachment":[{"href":"https:\/\/tg-schierstein.de\/index.php?rest_route=%2Fwp%2Fv2%2Fmedia&parent=13002"}],"wp:term":[{"taxonomy":"category","embeddable":true,"href":"https:\/\/tg-schierstein.de\/index.php?rest_route=%2Fwp%2Fv2%2Fcategories&post=13002"},{"taxonomy":"post_tag","embeddable":true,"href":"https:\/\/tg-schierstein.de\/index.php?rest_route=%2Fwp%2Fv2%2Ftags&post=13002"}],"curies":[{"name":"wp","href":"https:\/\/api.w.org\/{rel}","templated":true}]}}