{"id":12959,"date":"2025-11-23T16:00:16","date_gmt":"2025-11-23T15:00:16","guid":{"rendered":"https:\/\/tg-schierstein.de\/?p=12959"},"modified":"2025-11-24T13:47:19","modified_gmt":"2025-11-24T12:47:19","slug":"hsg-gemf23-spielfest-der-hsg-breckenh-wallau-massenh","status":"publish","type":"post","link":"https:\/\/tg-schierstein.de\/?p=12959","title":{"rendered":"HSG-gemF2+3 | Spielfest der HSG Breckenh.\/Wallau\/Massenh."},"content":{"rendered":"<p>Am Sonntag, den 23.11.2025, waren wir mit zwei Teams der F-Jugend beim Spielfest der HSG Breckenheim\/Wallau\/Massenheim am Start. Trotz einiger krankheitsbedingter Ausf\u00e4lle konnten wir antreten \u2013 dank der gro\u00dfartigen Unterst\u00fctzung von vier Spielern aus der G-Jugend, die mutig eingesprungen sind und ihre Sache richtig gut gemacht haben!<\/p>\n<p>Jede Mannschaft absolvierte drei Spiele \u00e0 12 Minuten. Der Start verlief f\u00fcr beide Teams etwas holprig: Wir waren noch zu vertr\u00e4umt, der Fokus fehlte und die Zuordnung in der Abwehr war nicht konsequent genug. Doch von Spiel zu Spiel steigerten sich die Kinder. Mit mehr Einsatzbereitschaft in der Defensive und toller Torh\u00fcterarbeit fanden wir immer besser ins Spielfest.<\/p>\n<p>Gegen Ende kamen wir dann deutlich n\u00e4her an das, was wir eigentlich k\u00f6nnen. Sch\u00f6ne Passfolgen, gute Entscheidungen und ein erkennbar wacheres Zusammenspiel machten richtig Freude und zeigten, dass die Mannschaft aus jeder Partie lernt.<\/p>\n<p>In zwei Wochen steht bereits das n\u00e4chste Spielfest bei der HSG EppLa an. Bis dahin werden wir vor allem am Torabschluss in die unteren Ecken arbeiten, an schnellerem Kombinationsspiel mit Blick f\u00fcr den freien Raum sowie an einer Abwehr, die mutig und engagiert ist.<\/p>\n<p>Bei allem Ehrgeiz bleibt aber das Wichtigste bestehen: Der Spa\u00df am Handball! In diesem Alter geht es nicht um Ergebnisse, sondern ums gemeinsame Lernen, Bewegen und Wachsen \u2013 und das hat man den Kindern eindeutig angesehen. Wir freuen uns auf die n\u00e4chsten Spiele!<\/p>\n","protected":false},"excerpt":{"rendered":"<p>Am Sonntag, den 23.11.2025, waren wir mit zwei Teams der F-Jugend beim Spielfest der HSG Breckenheim\/Wallau\/Massenheim am Start. Trotz einiger krankheitsbedingter Ausf\u00e4lle konnten wir antreten \u2013 dank der gro\u00dfartigen Unterst\u00fctzung [&hellip;]<\/p>\n","protected":false},"author":12,"featured_media":12958,"comment_status":"closed","ping_status":"closed","sticky":false,"template":"","format":"standard","meta":{"_acf_changed":false,"footnotes":""},"categories":[25],"tags":[],"class_list":["post-12959","post","type-post","status-publish","format-standard","has-post-thumbnail","hentry","category-handball"],"acf":[],"publishpress_future_action":{"enabled":false,"date":"2026-05-08 10:33:14","action":"change-status","newStatus":"draft","terms":[],"taxonomy":"category","extraData":[]},"publishpress_future_workflow_manual_trigger":{"enabledWorkflows":[]},"_links":{"self":[{"href":"https:\/\/tg-schierstein.de\/index.php?rest_route=\/wp\/v2\/posts\/12959","targetHints":{"allow":["GET"]}}],"collection":[{"href":"https:\/\/tg-schierstein.de\/index.php?rest_route=\/wp\/v2\/posts"}],"about":[{"href":"https:\/\/tg-schierstein.de\/index.php?rest_route=\/wp\/v2\/types\/post"}],"author":[{"embeddable":true,"href":"https:\/\/tg-schierstein.de\/index.php?rest_route=\/wp\/v2\/users\/12"}],"replies":[{"embeddable":true,"href":"https:\/\/tg-schierstein.de\/index.php?rest_route=%2Fwp%2Fv2%2Fcomments&post=12959"}],"version-history":[{"count":2,"href":"https:\/\/tg-schierstein.de\/index.php?rest_route=\/wp\/v2\/posts\/12959\/revisions"}],"predecessor-version":[{"id":13216,"href":"https:\/\/tg-schierstein.de\/index.php?rest_route=\/wp\/v2\/posts\/12959\/revisions\/13216"}],"wp:featuredmedia":[{"embeddable":true,"href":"https:\/\/tg-schierstein.de\/index.php?rest_route=\/wp\/v2\/media\/12958"}],"wp:attachment":[{"href":"https:\/\/tg-schierstein.de\/index.php?rest_route=%2Fwp%2Fv2%2Fmedia&parent=12959"}],"wp:term":[{"taxonomy":"category","embeddable":true,"href":"https:\/\/tg-schierstein.de\/index.php?rest_route=%2Fwp%2Fv2%2Fcategories&post=12959"},{"taxonomy":"post_tag","embeddable":true,"href":"https:\/\/tg-schierstein.de\/index.php?rest_route=%2Fwp%2Fv2%2Ftags&post=12959"}],"curies":[{"name":"wp","href":"https:\/\/api.w.org\/{rel}","templated":true}]}}