{"id":12895,"date":"2025-10-26T15:00:25","date_gmt":"2025-10-26T14:00:25","guid":{"rendered":"https:\/\/tg-schierstein.de\/?p=12895"},"modified":"2025-11-07T07:04:24","modified_gmt":"2025-11-07T06:04:24","slug":"hsg-gemg-1-spielefest-der-saison","status":"publish","type":"post","link":"https:\/\/tg-schierstein.de\/?p=12895","title":{"rendered":"HSG-gemG | 1. Spielefest der Saison"},"content":{"rendered":"<div>\n<p data-start=\"82\" data-end=\"474\">Am 26.10.2025 durften wir unser erstes Spielefest der neuen Saison ausrichten \u2013 ein aufregender Tag, der f\u00fcr viele unserer Kinder zugleich die allererste Begegnung mit dem Handballsport in einem echten Wettkampf war. Unsere G-Jugend, trainiert von Sebastian H\u00e4user, Angelika H\u00e4user, Till Sauer und Lysander Pappas, hat sich dieser Herausforderung mit gro\u00dfer Begeisterung gestellt.<\/p>\n<p data-start=\"476\" data-end=\"902\">Als Ausrichter eines Spielefestes hatten wir eine Menge zu organisieren: Insgesamt 56 Aufgaben mussten im Vorfeld und am Tag selbst bew\u00e4ltigt werden \u2013 eine riesige Unterst\u00fctzung, die vor allem von den Eltern unserer Mannschaft kam. Ein herzliches Dankesch\u00f6n an dieser Stelle an alle M\u00fctter und V\u00e4ter, die mit angepackt haben, und nat\u00fcrlich auch an die M\u00e4nner 2, die zuverl\u00e4ssig und engagiert als Schiedsrichter fungiert haben!<\/p>\n<p data-start=\"904\" data-end=\"1335\">Insgesamt nahmen acht Mannschaften am Spielefest teil. Wir waren mit zwei eigenen Teams vertreten und pr\u00e4sentierten dabei stolz unserer aktuell 20 Spielerinnen und Spieler. Besonders erfreulich: Viele von ihnen geh\u00f6ren dem j\u00fcngeren Jahrgang an und standen zum ersten Mal \u00fcberhaupt auf dem Handballfeld. Umso beeindruckender war es, mit wie viel Mut, Freude und Teamgeist die Kinder ihre ersten Spiele bestritten.<\/p>\n<p data-start=\"1337\" data-end=\"1645\">Jedes Team absolvierte insgesamt f\u00fcnf Spiele mit jeweils zehn Minuten Spielzeit. In den Pausen durften sich die Kinder an verschiedenen spielerischen Stationen austoben und neue F\u00e4higkeiten ausprobieren \u2013 ein liebevoll gestaltetes Rahmenprogramm, das f\u00fcr strahlende Gesichter und zus\u00e4tzliche Bewegung sorgte.<\/p>\n<p data-start=\"1647\" data-end=\"2045\" data-is-last-node=\"\" data-is-only-node=\"\">Alles in allem d\u00fcrfen wir auf ein rundum gelungenes erstes Spielefest zur\u00fcckblicken. Die Kinder hatten sichtlich Spa\u00df, konnten viele neue Erfahrungen sammeln und zeigten vollen Einsatz \u2013 ganz im Sinne des Teamgeists und der Spielfreude, die unseren Sport ausmachen. Wir freuen uns schon jetzt auf die n\u00e4chsten Spielefeste der Saison und auf viele weitere gemeinsame Erlebnisse mit unserer G-Jugend!<\/p>\n<p data-start=\"1647\" data-end=\"2045\" data-is-last-node=\"\" data-is-only-node=\"\"><a href=\"https:\/\/tg-schierstein.de\/wp-content\/uploads\/2025\/10\/G-Jugend_26-10-2025__001.jpeg\"><img loading=\"lazy\" decoding=\"async\" class=\"alignnone wp-image-12912\" src=\"https:\/\/tg-schierstein.de\/wp-content\/uploads\/2025\/10\/G-Jugend_26-10-2025__001.jpeg\" alt=\"\" width=\"188\" height=\"250\" srcset=\"https:\/\/tg-schierstein.de\/wp-content\/uploads\/2025\/10\/G-Jugend_26-10-2025__001.jpeg 1200w, https:\/\/tg-schierstein.de\/wp-content\/uploads\/2025\/10\/G-Jugend_26-10-2025__001-225x300.jpeg 225w, https:\/\/tg-schierstein.de\/wp-content\/uploads\/2025\/10\/G-Jugend_26-10-2025__001-768x1024.jpeg 768w, https:\/\/tg-schierstein.de\/wp-content\/uploads\/2025\/10\/G-Jugend_26-10-2025__001-1152x1536.jpeg 1152w, https:\/\/tg-schierstein.de\/wp-content\/uploads\/2025\/10\/G-Jugend_26-10-2025__001-1125x1500.jpeg 1125w, https:\/\/tg-schierstein.de\/wp-content\/uploads\/2025\/10\/G-Jugend_26-10-2025__001-529x705.jpeg 529w\" sizes=\"auto, (max-width: 188px) 100vw, 188px\" \/><\/a> <a href=\"https:\/\/tg-schierstein.de\/wp-content\/uploads\/2025\/10\/G-Jugend_26-10-2025__003.jpeg\"><img loading=\"lazy\" decoding=\"async\" class=\"alignnone wp-image-12914\" src=\"https:\/\/tg-schierstein.de\/wp-content\/uploads\/2025\/10\/G-Jugend_26-10-2025__003.jpeg\" alt=\"\" width=\"333\" height=\"250\" srcset=\"https:\/\/tg-schierstein.de\/wp-content\/uploads\/2025\/10\/G-Jugend_26-10-2025__003.jpeg 1600w, https:\/\/tg-schierstein.de\/wp-content\/uploads\/2025\/10\/G-Jugend_26-10-2025__003-300x225.jpeg 300w, https:\/\/tg-schierstein.de\/wp-content\/uploads\/2025\/10\/G-Jugend_26-10-2025__003-1024x768.jpeg 1024w, https:\/\/tg-schierstein.de\/wp-content\/uploads\/2025\/10\/G-Jugend_26-10-2025__003-768x576.jpeg 768w, https:\/\/tg-schierstein.de\/wp-content\/uploads\/2025\/10\/G-Jugend_26-10-2025__003-1536x1152.jpeg 1536w, https:\/\/tg-schierstein.de\/wp-content\/uploads\/2025\/10\/G-Jugend_26-10-2025__003-1500x1125.jpeg 1500w, https:\/\/tg-schierstein.de\/wp-content\/uploads\/2025\/10\/G-Jugend_26-10-2025__003-705x529.jpeg 705w\" sizes=\"auto, (max-width: 333px) 100vw, 333px\" \/><\/a> <a href=\"https:\/\/tg-schierstein.de\/wp-content\/uploads\/2025\/10\/G-Jugend_26-10-2025__002.jpeg\"><img loading=\"lazy\" decoding=\"async\" class=\"alignnone wp-image-12913\" src=\"https:\/\/tg-schierstein.de\/wp-content\/uploads\/2025\/10\/G-Jugend_26-10-2025__002.jpeg\" alt=\"\" width=\"333\" height=\"250\" srcset=\"https:\/\/tg-schierstein.de\/wp-content\/uploads\/2025\/10\/G-Jugend_26-10-2025__002.jpeg 1600w, https:\/\/tg-schierstein.de\/wp-content\/uploads\/2025\/10\/G-Jugend_26-10-2025__002-300x225.jpeg 300w, https:\/\/tg-schierstein.de\/wp-content\/uploads\/2025\/10\/G-Jugend_26-10-2025__002-1024x768.jpeg 1024w, https:\/\/tg-schierstein.de\/wp-content\/uploads\/2025\/10\/G-Jugend_26-10-2025__002-768x576.jpeg 768w, https:\/\/tg-schierstein.de\/wp-content\/uploads\/2025\/10\/G-Jugend_26-10-2025__002-1536x1152.jpeg 1536w, https:\/\/tg-schierstein.de\/wp-content\/uploads\/2025\/10\/G-Jugend_26-10-2025__002-1500x1125.jpeg 1500w, https:\/\/tg-schierstein.de\/wp-content\/uploads\/2025\/10\/G-Jugend_26-10-2025__002-705x529.jpeg 705w\" sizes=\"auto, (max-width: 333px) 100vw, 333px\" \/><\/a><\/p>\n<\/div>\n","protected":false},"excerpt":{"rendered":"<p>Am 26.10.2025 durften wir unser erstes Spielefest der neuen Saison ausrichten \u2013 ein aufregender Tag, der f\u00fcr viele unserer Kinder zugleich die allererste Begegnung mit dem Handballsport in einem echten [&hellip;]<\/p>\n","protected":false},"author":12,"featured_media":12914,"comment_status":"closed","ping_status":"closed","sticky":false,"template":"","format":"standard","meta":{"_acf_changed":false,"footnotes":""},"categories":[25],"tags":[],"class_list":["post-12895","post","type-post","status-publish","format-standard","has-post-thumbnail","hentry","category-handball"],"acf":[],"publishpress_future_action":{"enabled":false,"date":"2026-05-08 12:08:30","action":"change-status","newStatus":"draft","terms":[],"taxonomy":"category","extraData":[]},"publishpress_future_workflow_manual_trigger":{"enabledWorkflows":[]},"_links":{"self":[{"href":"https:\/\/tg-schierstein.de\/index.php?rest_route=\/wp\/v2\/posts\/12895","targetHints":{"allow":["GET"]}}],"collection":[{"href":"https:\/\/tg-schierstein.de\/index.php?rest_route=\/wp\/v2\/posts"}],"about":[{"href":"https:\/\/tg-schierstein.de\/index.php?rest_route=\/wp\/v2\/types\/post"}],"author":[{"embeddable":true,"href":"https:\/\/tg-schierstein.de\/index.php?rest_route=\/wp\/v2\/users\/12"}],"replies":[{"embeddable":true,"href":"https:\/\/tg-schierstein.de\/index.php?rest_route=%2Fwp%2Fv2%2Fcomments&post=12895"}],"version-history":[{"count":5,"href":"https:\/\/tg-schierstein.de\/index.php?rest_route=\/wp\/v2\/posts\/12895\/revisions"}],"predecessor-version":[{"id":12911,"href":"https:\/\/tg-schierstein.de\/index.php?rest_route=\/wp\/v2\/posts\/12895\/revisions\/12911"}],"wp:featuredmedia":[{"embeddable":true,"href":"https:\/\/tg-schierstein.de\/index.php?rest_route=\/wp\/v2\/media\/12914"}],"wp:attachment":[{"href":"https:\/\/tg-schierstein.de\/index.php?rest_route=%2Fwp%2Fv2%2Fmedia&parent=12895"}],"wp:term":[{"taxonomy":"category","embeddable":true,"href":"https:\/\/tg-schierstein.de\/index.php?rest_route=%2Fwp%2Fv2%2Fcategories&post=12895"},{"taxonomy":"post_tag","embeddable":true,"href":"https:\/\/tg-schierstein.de\/index.php?rest_route=%2Fwp%2Fv2%2Ftags&post=12895"}],"curies":[{"name":"wp","href":"https:\/\/api.w.org\/{rel}","templated":true}]}}