{"id":1269,"date":"2019-11-23T18:00:04","date_gmt":"2019-11-23T17:00:04","guid":{"rendered":"https:\/\/test.tg-schierstein.de\/?p=1269"},"modified":"2021-06-18T13:20:34","modified_gmt":"2021-06-18T11:20:34","slug":"hallenkinderturnfest-leichtathletik-2019","status":"publish","type":"post","link":"https:\/\/tg-schierstein.de\/?p=1269","title":{"rendered":"Hallenkinderturnfest (Leichtathletik) 2019"},"content":{"rendered":"<p><strong>&#8222;Erfolgreicher Saisonabschluss&#8220;<\/strong><\/p>\n<p>Im Training haben wir uns gezielt auf den letzten Wettkampf im Jahr 2019 vorbereitet. Mit f\u00fcnf StarterInnen trat die TG zu diesem Wettkampf an. F\u00fcr uns Trainer kam es, anders als bei den Kindern, nicht auf das gewinnen an. Wir wollten sehen ob das im Training Ge\u00fcbte gut umgesetzt wird und wie die Kinder sich w\u00e4hrend des Wettkampfes in der Halle benehmen.<\/p>\n<p>Alex und Lars, unsere beiden \u201eDuracell-Hasen\u201c des letzten Jahres, waren diesmal voll auf ihren Wettkampf konzentriert. Julia, Malisa und Jonas sind von vornherein eh ruhigere Vertreter und waren ebenfalls konzentriert bei der Sache.<\/p>\n<p>Was es ausmacht, wenn man sich voll und ganz auf seinen Wettkampf konzentriert haben Alex und Lars gezeigt. Konnten sich Beide doch in allen Disziplinen steigern und den Wettkampf mit jeweils drei pers\u00f6nlichen Bestleistungen abschlie\u00dfen.<\/p>\n<p><strong>Mehrere pers\u00f6nliche Bestleistungen aufgestellt<\/strong><\/p>\n<p>Nicht nur die Beiden zeigten eine starke Leistung. Beim Weitsprung konnte jeder unserer Teilnehmer eine neue Bestweite erzielen.<\/p>\n<p>Unserer beiden K\u00fcken, Julia und Jonas, haben in diesem Jahr einen riesigen Schritt nach vorne gemacht und k\u00f6nnen jetzt auch mit anderen Athleten gut mithalten.<\/p>\n<p>Leider ist der Ballwurf bei unseren Athleten noch das gro\u00dfe Manko. Hier wird, obwohl die Kinder es k\u00f6nnen, nie das gesamte Potential abgerufen. Wir als Trainer stehen beim Wurf noch vor einer gro\u00dfen Aufgabe.<\/p>\n<p>Mit Beginn der Siegerehrung war es dann aber doch mit der Aufmerksamkeit vorbei. Trotz aufrufen des Namens (dieser liegt der Redaktion vor, der oder die angesprochene Person weis wer gemeint ist) ging man nicht zur Siegerehrung, sondern unterhielt sich weiter. Erst nach der Siegerehrung war man erstaunt das alle, au\u00dfer man selbst eine Medaille und Urkunde bekommen hatten. Nun mussten erst mal die Tr\u00e4nen getrocknet werden, danach konnte die Urkunde und Medaille im Wettkampfb\u00fcro abgeholt werden. Dies ist hoffentlich eine Lehre f\u00fcr alle gewesen.<\/p>\n<p>Mit einer sch\u00f6n gestalteten Urkunde, so sch\u00f6ne gab es zu meiner Zeit nicht, einer Medaille und einem kleinen Geschenk in der Hand begaben sich die Kinder dann nach Hause.<\/p>\n<p>Den Kampfrichtern muss ein gro\u00dfes Lob ausgesprochen werden. Mit Engelsgeduld wurde versucht den Kindern beim Wettkampf, gerade beim Weitsprung, zu helfen und so mancher Sprung durfte wiederholt werden, so dass doch zumindest ein g\u00fcltiger Versuch zu Buche stand.<\/p>\n","protected":false},"excerpt":{"rendered":"<p>&#8222;Erfolgreicher Saisonabschluss&#8220; Im Training haben wir uns gezielt auf den letzten Wettkampf im Jahr 2019 vorbereitet. Mit f\u00fcnf StarterInnen trat die TG zu diesem Wettkampf an. F\u00fcr uns Trainer kam [&hellip;]<\/p>\n","protected":false},"author":10,"featured_media":1069,"comment_status":"closed","ping_status":"closed","sticky":false,"template":"","format":"standard","meta":{"_acf_changed":false,"footnotes":""},"categories":[22],"tags":[],"class_list":["post-1269","post","type-post","status-publish","format-standard","has-post-thumbnail","hentry","category-leichtathletik"],"acf":[],"publishpress_future_action":{"enabled":false,"date":"2026-05-06 20:32:26","action":"change-status","newStatus":"draft","terms":[],"taxonomy":"category","extraData":[]},"publishpress_future_workflow_manual_trigger":{"enabledWorkflows":[]},"_links":{"self":[{"href":"https:\/\/tg-schierstein.de\/index.php?rest_route=\/wp\/v2\/posts\/1269","targetHints":{"allow":["GET"]}}],"collection":[{"href":"https:\/\/tg-schierstein.de\/index.php?rest_route=\/wp\/v2\/posts"}],"about":[{"href":"https:\/\/tg-schierstein.de\/index.php?rest_route=\/wp\/v2\/types\/post"}],"author":[{"embeddable":true,"href":"https:\/\/tg-schierstein.de\/index.php?rest_route=\/wp\/v2\/users\/10"}],"replies":[{"embeddable":true,"href":"https:\/\/tg-schierstein.de\/index.php?rest_route=%2Fwp%2Fv2%2Fcomments&post=1269"}],"version-history":[{"count":0,"href":"https:\/\/tg-schierstein.de\/index.php?rest_route=\/wp\/v2\/posts\/1269\/revisions"}],"wp:featuredmedia":[{"embeddable":true,"href":"https:\/\/tg-schierstein.de\/index.php?rest_route=\/wp\/v2\/media\/1069"}],"wp:attachment":[{"href":"https:\/\/tg-schierstein.de\/index.php?rest_route=%2Fwp%2Fv2%2Fmedia&parent=1269"}],"wp:term":[{"taxonomy":"category","embeddable":true,"href":"https:\/\/tg-schierstein.de\/index.php?rest_route=%2Fwp%2Fv2%2Fcategories&post=1269"},{"taxonomy":"post_tag","embeddable":true,"href":"https:\/\/tg-schierstein.de\/index.php?rest_route=%2Fwp%2Fv2%2Ftags&post=1269"}],"curies":[{"name":"wp","href":"https:\/\/api.w.org\/{rel}","templated":true}]}}