{"id":1264,"date":"2019-10-23T08:48:39","date_gmt":"2019-10-23T06:48:39","guid":{"rendered":"https:\/\/test.tg-schierstein.de\/?p=1264"},"modified":"2021-06-18T13:20:20","modified_gmt":"2021-06-18T11:20:20","slug":"tennis-jugend-fazit-2019","status":"publish","type":"post","link":"https:\/\/tg-schierstein.de\/?p=1264","title":{"rendered":"Tennis-Jugend-Fazit 2019"},"content":{"rendered":"<p><strong>&#8222;Viel passiert\u20262 Meistertitel, ausgebuchtes Tenniscamp, Vereinsmeisterschaften und viel viel Spa\u00df&#8220;<\/strong><\/p>\n<p>U12 und U14 holen Meisterschaften<\/p>\n<p>Unsere gemischte U12 holte in der Spielgemeinschaft mit der Eintracht verdient den Meistertitel in der Kreisliga A. Ein verdienter Erfolg&#8230;standen bei 7 Begegnungen doch 6 Siege und 1 Unentschieden zu Buche! Herzlichen Gl\u00fcckwunsch!<\/p>\n<p>Auch unsere gemischte U14 holte verdient die Meisterschaft der Kreisliga A. In 6 Partien wurde 6 Siege erspielt und somit nach dem zweiten Platz im letzten Jahr nun der Titel an den Hafen geholt. Herzlichen Gl\u00fcckwunsch. Die U14 II hielt sich wacker und wurde guter Sechster.<\/p>\n<p>Tennis-Sommercamp ausgebucht<\/p>\n<p>In den Sommerferien stand wieder das Sommercamp an und bei herrlichem Tenniswetter trainierten die 21 Kids 5 Tage lang an ihren St\u00e4rken und Schw\u00e4chen. Alle Teilnehmer hatten gro\u00dfen Spa\u00df und zeigten gro\u00dfe Entwicklungen in der Woche. Beim abschlie\u00dfenden Campturnier zeigten alle Spieler den Trainern und ihren Eltern, was sie gelernt haben.<\/p>\n<p>Jugend-Vereinsmeisterschaften<\/p>\n<p>Zum Abschluss der Saison wurden die Vereinsmeisterschaften der Jugend gespielt. Fast alle Trainingsteilnehmer nahmen daran teil und sorgten f\u00fcr einen Teilnahmerekord bei den Vereinsmeisterschaften. Bei Redaktionsschluss waren nur die U10 und die U14 Konkurrenz beendet. Bei der U10 gewann Julia Stieber vor Csenge Brosius. Bei der U14 gewann Leon L\u00f6ffler vor Lara Fleischer. Herzlichen Gl\u00fcckwunsch.<\/p>\n<p>Auf ein genauso tolles und erfolgreiches Jahr 2020!<\/p>\n<p>Eure Trainer Christian und Sven<\/p>\n","protected":false},"excerpt":{"rendered":"<p>&#8222;Viel passiert\u20262 Meistertitel, ausgebuchtes Tenniscamp, Vereinsmeisterschaften und viel viel Spa\u00df&#8220; U12 und U14 holen Meisterschaften Unsere gemischte U12 holte in der Spielgemeinschaft mit der Eintracht verdient den Meistertitel in der [&hellip;]<\/p>\n","protected":false},"author":4,"featured_media":1087,"comment_status":"closed","ping_status":"closed","sticky":false,"template":"","format":"standard","meta":{"_acf_changed":false,"footnotes":""},"categories":[18],"tags":[],"class_list":["post-1264","post","type-post","status-publish","format-standard","has-post-thumbnail","hentry","category-tennis"],"acf":[],"publishpress_future_action":{"enabled":false,"date":"2026-05-09 06:39:39","action":"change-status","newStatus":"draft","terms":[],"taxonomy":"category","extraData":[]},"publishpress_future_workflow_manual_trigger":{"enabledWorkflows":[]},"_links":{"self":[{"href":"https:\/\/tg-schierstein.de\/index.php?rest_route=\/wp\/v2\/posts\/1264","targetHints":{"allow":["GET"]}}],"collection":[{"href":"https:\/\/tg-schierstein.de\/index.php?rest_route=\/wp\/v2\/posts"}],"about":[{"href":"https:\/\/tg-schierstein.de\/index.php?rest_route=\/wp\/v2\/types\/post"}],"author":[{"embeddable":true,"href":"https:\/\/tg-schierstein.de\/index.php?rest_route=\/wp\/v2\/users\/4"}],"replies":[{"embeddable":true,"href":"https:\/\/tg-schierstein.de\/index.php?rest_route=%2Fwp%2Fv2%2Fcomments&post=1264"}],"version-history":[{"count":0,"href":"https:\/\/tg-schierstein.de\/index.php?rest_route=\/wp\/v2\/posts\/1264\/revisions"}],"wp:featuredmedia":[{"embeddable":true,"href":"https:\/\/tg-schierstein.de\/index.php?rest_route=\/wp\/v2\/media\/1087"}],"wp:attachment":[{"href":"https:\/\/tg-schierstein.de\/index.php?rest_route=%2Fwp%2Fv2%2Fmedia&parent=1264"}],"wp:term":[{"taxonomy":"category","embeddable":true,"href":"https:\/\/tg-schierstein.de\/index.php?rest_route=%2Fwp%2Fv2%2Fcategories&post=1264"},{"taxonomy":"post_tag","embeddable":true,"href":"https:\/\/tg-schierstein.de\/index.php?rest_route=%2Fwp%2Fv2%2Ftags&post=1264"}],"curies":[{"name":"wp","href":"https:\/\/api.w.org\/{rel}","templated":true}]}}