{"id":12610,"date":"2025-09-27T17:30:57","date_gmt":"2025-09-27T15:30:57","guid":{"rendered":"https:\/\/tg-schierstein.de\/?p=12610"},"modified":"2025-09-30T09:35:14","modified_gmt":"2025-09-30T07:35:14","slug":"hsg-mb1-hsg-1848-msg-melsungen-ii-2722-1112","status":"publish","type":"post","link":"https:\/\/tg-schierstein.de\/?p=12610","title":{"rendered":"HSG-mB1 | HSG 1848 \u2013 MSG Melsungen II  27:22 (11:12)"},"content":{"rendered":"<p><strong>Sieg nach Fehlstart<\/strong><\/p>\n<p>Einen veritablen Fehlstart legten unsere Jungs beim Heimspiel gegen die Bundesliga-Reserve aus Nordhessen hin. 0:6 stand es nach noch nicht mal 5 gespielten Minuten. Viele Fragezeichen in den Gesichtern unserer Jungs\u2026Auszeit, Beruhigung. Neuer Plan: Tor f\u00fcr Tor aufholen, Ruhe behalten. Dies gelang dann auch ganz gut\u2026und dennoch lie\u00dfen wir ungew\u00f6hnlich viele freie B\u00e4lle liegen. Der G\u00e4stetorwart hielt, was zu halten war und die Nerven einiger unserer Jungs hielten dem nicht wirklich stand. Bis zur Halbzeit konnten wir zwar nicht egalisieren, doch es ging mit \u201enur\u201c Minus 1 in die Kabine.<\/p>\n<p>Hier ruhige Worte und Besinnung auf unsere St\u00e4rke, das Tempospiel. Doch wenn das Selbstvertrauen erst mal weg ist, ist es schwer, es in den 50 Minuten wieder zu erlangen. Doch peau a peau gelang es uns tats\u00e4chlich, uns abzusetzen. Auch, weil der Gast sich so einige Scharm\u00fctzel erlaubte und es sich mit den Schiedsrichtern verscherzte. Diese bestraften konsequent das st\u00e4ndige Meckern und \u00fcberhartes Einsteigen.<\/p>\n<p>Im Tor Alessio und Wilhelm, im Feld Florian und wieder Jannick f\u00fchrten uns dann im Angriff zum Sieg in einer \u00e4u\u00dferst zerfahrenen Partie. Beim 12:12 egalisierten wir zum ersten Mal, dann legten wir einen 6:0 Lauf hin und beim 20:14 war die h\u00f6chste F\u00fchrung herausgeworfen.<\/p>\n<p>Der Sieg war verdient, da die Jungs sich wie letzte Woche an den eigenen Haaren aus dem Sumpf hinauszogen und sich als echtes Team zeigten.<\/p>\n<p>Super war der Einsatz unserer Aushilfen aus der B2, Alessio, Ben S und Ben R machten ihre Sache sehr gut. Diese waren n\u00f6tig, da wir aufgrund des gleichzeitig stattfindenden Budenheim Spieles und einer Familienangelegenheit ohne sechs !!! Stammkr\u00e4fte antraten. Dass Corbi und Bosse direkt nach Abpfiff noch zum Team stie\u00dfen und die Schlussminuten von hinter der Bank miterlebten war klasse. Auch Gl\u00fcckwunsch an die Jungs zum ersten Sieg in der B-Jugend Bundesliga.<\/p>\n<p><span style=\"text-decoration: underline;\">F\u00fcr die B1 verteidigten die Tabellenf\u00fchrung in der Regionalliga Hessen:<\/span><br \/>\nKraft (1.-18.\/45.-50.), Caputo (18.-45.), Gr\u00f6sch 7, Schmid 7\/4, Brinker 3, Kochem 2, Kohlmorgen 2, Emmerich 2, Steuernagel 1, Debus 1, Reischauer 1, Sunkel 1, Fleischer<\/p>\n<p>So gr\u00fc\u00dfen wir nach drei Siegen und 6:0 Punkten vom Platz 1, wissen aber, dass wir uns geh\u00f6rig steigern m\u00fcssen, wenn wir den Platz weiter behaupten wollen. Nun stehen die Herbstferien an, bevor es am 25.10. zum mit 4:2 Punkten gestarteten TV H\u00fcttenberg geht. Hier wird sich unsere B1 wieder anders pr\u00e4sentieren, da ist sich das Trainergespann Fleischer \/Seil sicher.<\/p>\n","protected":false},"excerpt":{"rendered":"<p>Sieg nach Fehlstart Einen veritablen Fehlstart legten unsere Jungs beim Heimspiel gegen die Bundesliga-Reserve aus Nordhessen hin. 0:6 stand es nach noch nicht mal 5 gespielten Minuten. Viele Fragezeichen in [&hellip;]<\/p>\n","protected":false},"author":4,"featured_media":12613,"comment_status":"closed","ping_status":"closed","sticky":false,"template":"","format":"standard","meta":{"_acf_changed":false,"footnotes":""},"categories":[25],"tags":[],"class_list":["post-12610","post","type-post","status-publish","format-standard","has-post-thumbnail","hentry","category-handball"],"acf":[],"publishpress_future_action":{"enabled":false,"date":"2026-05-08 12:04:45","action":"change-status","newStatus":"draft","terms":[],"taxonomy":"category","extraData":[]},"publishpress_future_workflow_manual_trigger":{"enabledWorkflows":[]},"_links":{"self":[{"href":"https:\/\/tg-schierstein.de\/index.php?rest_route=\/wp\/v2\/posts\/12610","targetHints":{"allow":["GET"]}}],"collection":[{"href":"https:\/\/tg-schierstein.de\/index.php?rest_route=\/wp\/v2\/posts"}],"about":[{"href":"https:\/\/tg-schierstein.de\/index.php?rest_route=\/wp\/v2\/types\/post"}],"author":[{"embeddable":true,"href":"https:\/\/tg-schierstein.de\/index.php?rest_route=\/wp\/v2\/users\/4"}],"replies":[{"embeddable":true,"href":"https:\/\/tg-schierstein.de\/index.php?rest_route=%2Fwp%2Fv2%2Fcomments&post=12610"}],"version-history":[{"count":2,"href":"https:\/\/tg-schierstein.de\/index.php?rest_route=\/wp\/v2\/posts\/12610\/revisions"}],"predecessor-version":[{"id":12612,"href":"https:\/\/tg-schierstein.de\/index.php?rest_route=\/wp\/v2\/posts\/12610\/revisions\/12612"}],"wp:featuredmedia":[{"embeddable":true,"href":"https:\/\/tg-schierstein.de\/index.php?rest_route=\/wp\/v2\/media\/12613"}],"wp:attachment":[{"href":"https:\/\/tg-schierstein.de\/index.php?rest_route=%2Fwp%2Fv2%2Fmedia&parent=12610"}],"wp:term":[{"taxonomy":"category","embeddable":true,"href":"https:\/\/tg-schierstein.de\/index.php?rest_route=%2Fwp%2Fv2%2Fcategories&post=12610"},{"taxonomy":"post_tag","embeddable":true,"href":"https:\/\/tg-schierstein.de\/index.php?rest_route=%2Fwp%2Fv2%2Ftags&post=12610"}],"curies":[{"name":"wp","href":"https:\/\/api.w.org\/{rel}","templated":true}]}}