{"id":1261,"date":"2019-10-12T17:28:12","date_gmt":"2019-10-12T15:28:12","guid":{"rendered":"https:\/\/test.tg-schierstein.de\/?p=1261"},"modified":"2021-06-18T13:20:04","modified_gmt":"2021-06-18T11:20:04","slug":"tg-schierstein-spanischer-turnaustausch","status":"publish","type":"post","link":"https:\/\/tg-schierstein.de\/?p=1261","title":{"rendered":"TG Schierstein &#8211; spanischer Turnaustausch"},"content":{"rendered":"<p><strong>&#8222;Spanische Kinder erobern die TG Schierstein&#8220;<\/strong><\/p>\n<p>Vom 5.9. bis 12.9.2019 hatten einige Familien in Schierstein Besuch von weit her. Sieben Turnerinnen und Turner kamen zusammen mit ihrem Trainer von Gran Canaria zu uns gereist, um gemeinsam mit uns zu turnen und Spa\u00df zu haben. Am ersten Abend waren die spanischen Austauschkinder noch sehr ersch\u00f6pft von der langen Reise und fielen nach einem herzlichen Empfang von den Familien direkt ins Bett.<\/p>\n<p>Am Sonntag trafen wir uns mittags in der Halle, damit sich die spanischen und deutschen Kinder erst einmal richtig kennen lernen konnten. Nach einigen Kennlernspielen kannten die Kinder und auch wir Trainer alle Namen und hatten Lust auf Kaffee und Kuchen, bevor Schierstein erkundet und weiter gespielt wurde.<\/p>\n<p>Am Montagmorgen begannen wir dann mit unserem ersten Trainingstag. Obwohl alle Spa\u00df hatten, hat es den Kinder dann doch nach den drei angesetzten Trainingsstunden gereicht, weil es sehr anstrengend und ungewohnt war. Nach einer kurzen Mittagspause zum Essen und Regenerieren waren dann alle bereit f\u00fcr eine Stadtrallye quer durch die Innenstadt von Wiesbaden. Abends waren die Kinder m\u00fcde von dem langen Tag und gl\u00fccklich, wieder in den Familien zu sein.<\/p>\n<p>Der Dienstag begann nicht weniger anstrengend mit weiteren drei Stunden Training, gefolgt von einer kurzen Mittagspause. Eigentlich wollten wir nachmittags dann auf dem Schiersteiner Hafen ein bisschen paddeln und danach grillen, aber das Wetter hatte leider andere Pl\u00e4ne. Deswegen sind wir kurzentschlossen mit dem Bus zum 3D Schwarzlicht Minigolf nach Mainz gefahren und hatten dort jede Menge Spa\u00df. F\u00fcr einen kurzen Spaziergang durch die Mainzer Innenstadt hat die Zeit auch noch gereicht, bevor wir wieder zur\u00fcck \u00fcber den Rhein nach Schierstein gefahren sind.<\/p>\n<p>Auch der Mittwoch begann mit drei Stunden hartem Training, obwohl einige Kinder bereits Muskelkater hatten. Auf Wunsch einiger Kinder sind wir dann nachmittags in die Fasanerie gefahren und haben dort die Tiere bestaunt.<\/p>\n<p>Weil am Donnerstag die Georg-Lang-Halle erst vom Eltern-Kind-Turnen und dann vom zeitgleich stattfindenden Handballcamp belegt war, planten wir f\u00fcr diesen Tag einen Ganztagesausflug. Nach ein paar Ideen konnten wir uns auf die Rheinwelle in Gau-Algesheim einigen, was, gemessen an unserem Spa\u00df im Schwimmbad, definitiv die richtige Entscheidung war. Anschlie\u00dfend gab es noch ein Eis f\u00fcr jeden in der Eisdiele am Markt, wo es besonders gut schmeckt.<\/p>\n<p>Freitags vormittags hatten die Familien Zeit, um privat mit ihrem Austauschkind noch etwas zu unternehmen, bevor nachmittags der partnerschaftliche Vergleichswettkampf anstand. Hier konnte jeder sein K\u00f6nnen an den unterschiedlichen Ger\u00e4ten beweisen, wobei es aber haupts\u00e4chlich um den Spa\u00df ging. Die Leistungen waren sehr ausgeglichen und am Ende konnte sich jeder \u00fcber eine Medaille und eine sch\u00f6ne Urkunde freuen. Weil die insgesamt fast 30 Pizzen f\u00fcr die Kinder und die Familien noch nicht ganz fertig waren, \u00fcberbr\u00fcckten wir die Zeit mit ein bisschen V\u00f6lkerball, bevor sich alle auf das Essen st\u00fcrzen konnten. In der Zwischenzeit ist es bereits dunkel geworden und unserer Nachtwanderung um den Hafen, bei der auch ein bisschen erschreckt wurde, stand nichts mehr im Wege. Trotz des langen Tages waren alle noch nicht m\u00fcde und konnten bei Snacks und alkoholfreien Cocktails ausgelassen tanzen.<\/p>\n<p>Die M\u00fcdigkeit zeigte sich erst am Samstagmorgen, als wir uns bereits um 9 Uhr treffen mussten, damit unsere G\u00e4ste p\u00fcnktlich am Flughafen sein konnten, um ihren Heimweg anzutreten.<\/p>\n<p>Wir bedanken uns ganz herzlich bei allen Familien, die in dieser tollen Woche ein Kind aufgenommen haben, bei Hilda Wehnert und Reiner Siegert, die freundlicherweise f\u00fcr uns als Kampfrichter t\u00e4tig waren, bei Toni f\u00fcr die Bewirtung und bei allen anderen, die diese Woche zu einem so sch\u00f6nen Erlebnis gemacht haben, das viele nicht vergessen werden. Au\u00dferdem freuen wir uns schon sehr auf den R\u00fcckaustausch, der voraussichtlich im Juni 2020 stattfinden wird, wenn wir uns zu einer Woche voller Spa\u00df auf Gran Canaria wiedersehen!<\/p>\n","protected":false},"excerpt":{"rendered":"<p>&#8222;Spanische Kinder erobern die TG Schierstein&#8220; Vom 5.9. bis 12.9.2019 hatten einige Familien in Schierstein Besuch von weit her. Sieben Turnerinnen und Turner kamen zusammen mit ihrem Trainer von Gran [&hellip;]<\/p>\n","protected":false},"author":6,"featured_media":1075,"comment_status":"closed","ping_status":"closed","sticky":false,"template":"","format":"standard","meta":{"_acf_changed":false,"footnotes":""},"categories":[17],"tags":[],"class_list":["post-1261","post","type-post","status-publish","format-standard","has-post-thumbnail","hentry","category-turnen"],"acf":[],"publishpress_future_action":{"enabled":false,"date":"2026-05-07 00:53:37","action":"change-status","newStatus":"draft","terms":[],"taxonomy":"category","extraData":[]},"publishpress_future_workflow_manual_trigger":{"enabledWorkflows":[]},"_links":{"self":[{"href":"https:\/\/tg-schierstein.de\/index.php?rest_route=\/wp\/v2\/posts\/1261","targetHints":{"allow":["GET"]}}],"collection":[{"href":"https:\/\/tg-schierstein.de\/index.php?rest_route=\/wp\/v2\/posts"}],"about":[{"href":"https:\/\/tg-schierstein.de\/index.php?rest_route=\/wp\/v2\/types\/post"}],"author":[{"embeddable":true,"href":"https:\/\/tg-schierstein.de\/index.php?rest_route=\/wp\/v2\/users\/6"}],"replies":[{"embeddable":true,"href":"https:\/\/tg-schierstein.de\/index.php?rest_route=%2Fwp%2Fv2%2Fcomments&post=1261"}],"version-history":[{"count":0,"href":"https:\/\/tg-schierstein.de\/index.php?rest_route=\/wp\/v2\/posts\/1261\/revisions"}],"wp:featuredmedia":[{"embeddable":true,"href":"https:\/\/tg-schierstein.de\/index.php?rest_route=\/wp\/v2\/media\/1075"}],"wp:attachment":[{"href":"https:\/\/tg-schierstein.de\/index.php?rest_route=%2Fwp%2Fv2%2Fmedia&parent=1261"}],"wp:term":[{"taxonomy":"category","embeddable":true,"href":"https:\/\/tg-schierstein.de\/index.php?rest_route=%2Fwp%2Fv2%2Fcategories&post=1261"},{"taxonomy":"post_tag","embeddable":true,"href":"https:\/\/tg-schierstein.de\/index.php?rest_route=%2Fwp%2Fv2%2Ftags&post=1261"}],"curies":[{"name":"wp","href":"https:\/\/api.w.org\/{rel}","templated":true}]}}