{"id":1251,"date":"2019-06-02T22:01:13","date_gmt":"2019-06-02T20:01:13","guid":{"rendered":"https:\/\/test.tg-schierstein.de\/?p=1251"},"modified":"2021-06-18T13:19:46","modified_gmt":"2021-06-18T11:19:46","slug":"132-gauturnfest-2019-turngau-sued-nassau","status":"publish","type":"post","link":"https:\/\/tg-schierstein.de\/?p=1251","title":{"rendered":"132. Gauturnfest 2019 Turngau S\u00fcd-Nassau"},"content":{"rendered":"<h3><span style=\"text-decoration: underline;\">Durststrecke beim Gauturnfest beendet ??<\/span><br \/>\nTurner und Leichtathleten feierten in Oestrich-Winkel das 132. Gauturnfest.<\/h3>\n<p>Am 02. Juni fand in Winkel das 132. Gauturnfest statt. Fast 250 Sportler\/Innen zogen es vor, sich bei Temperaturen von \u00fcber 30\u00b0 Celsius und strahlendem Sonnenschein, auf dem Sportplatz bzw. in der Halle ihre Kr\u00e4fte zu messen anstatt sich ins Freibad oder an einen Baggersee zu legen.<\/p>\n<p>Um die Wartezeiten zu verk\u00fcrzen wurde ein Mitmachparcours angeboten. Mittels eines Laufzettels konnte man sich an den einzelnen Stationen (Sackh\u00fcpfen, B\u00fcchsenwerfen, Kletterwand, Boule, Judo etc.) beweisen und Stempel abholen. Hatte man alle Stationen gemeistert gab es f\u00fcr die Teilnehmer ein kleines Geschenk.<\/p>\n<p>Die TG Winkel, als Ausrichter, und der Turngau S\u00fcd-Nassau haben sich alle M\u00fche gegeben und ein hervorragend organisiertes Sportfest ausgerichtet. Es bleibt zu hoffen, dass die Messlatte f\u00fcr andere Ausrichter nicht zu hoch gelegt wurde, der Abw\u00e4rtstrend der letzten Jahre hoffentlich gestoppt wurde und es wieder Schrittweise nach oben geht.<\/p>\n<p>Auch 7 Leichtathleten der Turngemeinde Schierstein nahmen an dem Gauturnfest teil.<\/p>\n<p>Gleich im ersten Block starteten unsere beiden M\u00e4dels. F\u00fcr Julia, unserer j\u00fcngste Starterin, und Malisa war es der erste Wettkampf \u00fcberhaupt. Von Nervosit\u00e4t war Beiden nichts anzumerken. Hoch konzentriert gingen beide den Wettkampf an, setzten das im Training ge\u00fcbte prima um und konnten somit einen Platz auf dem Treppchen sichern. Malisa musste sich in Ihrem Wettkampf knapp geschlagen geben und belegte einen sehr guten 3. Platz. Julia strotzte nur so vor Selbstbewusstsein. Sie gewann Ihren Wettkampf \u00fcberlegen und h\u00e4tte mit dieser Leistung bei den 6-J\u00e4hrigen M\u00e4dchen noch den dritten Platz belegt.<\/p>\n<p>Im zweiten Block starteten dann Alex, Lars und Jonas. F\u00fcr Jonas war es ebenfalls der erste Wettkampf. Mit einem vierten Platz und des im Training immer gezeigten hat uns Jonas an diesem Tag wirklich positiv \u00fcberrascht. Alex und Lars lieferten sich, wie auch die letzten Jahre, einen bis zum Schluss packenden Wettkampf. Am Ende hatte Lars wieder einmal die Nase knapp vorne. W\u00fcrde sich Alex noch mehr auf den Wettkampf und sich konzentrieren k\u00f6nnte er Lars noch mehr in Verlegenheit bringen und es k\u00f6nnte dann auch mal der erste Platz herausspringen.<\/p>\n<p>Im dritten und letzten Block, starteten dann Simon und Lennard. Saskia; die urspr\u00fcnglich Dritte im Bunde, musste leider kurzfristig wegen einer Verletzung absagen. In diesem Block kommen die Wahlvierk\u00e4mpfe, Darunter ist zu verstehen, dass sich die Wettk\u00e4mpfer vier Disziplinen aus verschiedenen Fachbereichen (Ger\u00e4teturnen, Gymnastik Leichtathletik und bei Deutschen Meisterschaften auch Schwimmen) ausw\u00e4hlen k\u00f6nnen. Reine Leichtathleten haben es in diesem Wettkampf am schwierigsten. Der Zweitplatzierte war in drei vergleichbaren Disziplinen, Lauf, Sprung und Kugel deutlich schlechter als Simon. Nur hatte der Zweitplatzierte eine Disziplin aus dem Bereich Ger\u00e4teturnen gew\u00e4hlt und hier \u00fcber 50 % seiner Gesamtpunktzahl erreicht.<\/p>\n<p>Nachdem vor 14-Tagen bei Beiden Kugelsto\u00dfen neu war kam diesmal noch Schleuderball hinzu. Beim Kugelsto\u00dfen konnte man gegen\u00fcber den Gaumehr-kampfmeisterschaften schon eine, wenn auch noch kleine Steigerung nicht \u00fcbersehen. Beim Schleuderball \u00fcbertrafen Beide doch unsere Erwartungen. Um 0,5 Punkt verpasste Simon letztendlich das Siegerpodest. Lennard belegte einen guten achten Platz. Seine Punktzahl h\u00e4tte bei reinen Leichtathleten noch f\u00fcr Platz 5 gelangt.<\/p>\n<hr \/>\n<h3>Ergebnisliste<br \/>\n132. Gauturnfest 2019<br \/>\nTurngau \/ Turnjugend S\u00fcd-Nassau<\/h3>\n<p><strong>WK 305 &#8211; Leichtathletischer Dreikampf weiblich, 7 Jahre<\/strong><br \/>\n3. Malisa Ried &#8211; 13,83 Punkte<br \/>\n50 m : 10,20 sec \/\/ Weit\/Zone : 2,34 m \/\/ Schlagball 80gr.: 13,00 m<\/p>\n<p><strong>WK# 307 &#8211; Leichtathletischer Dreikampf weiblich, 5 Jahre<\/strong><br \/>\n1. Julia Mazurek &#8211; 10,90 Punkte<br \/>\n50 m : 10,40 sec \/\/ Weit\/Zone: 2,07 m \/\/ Schlagball 80gr.: 6,00 m<\/p>\n<p><strong>WK# 405 &#8211; Leichtathletischer Dreikampf m\u00e4nnlich, 7 Jahre<\/strong><br \/>\n1. Lars Ramberger &#8211; 14,52 Punkte<br \/>\n50 m : 9,80 sec \/\/ Weit\/Zone : 2,80 m \/\/ Schlagball 80gr.: 19,50 m<\/p>\n<p>2. Alex Schelenberg &#8211; 12,37 Punkte<br \/>\n50 m : 10,20 sec \/\/ Weit\/Zone : 2,12 m \/\/ Schlagball 80gr.: 19,00 m<\/p>\n<p><strong>WK# 406 &#8211; Leichtathletischer Dreikampf m\u00e4nnlich, 6 Jahre<\/strong><br \/>\n4. Jonas Spengler &#8211; 5,14 Punkte<br \/>\n50 m : 13,60 sec \/\/ Weit\/Zone: 1,68 m \/\/ Schlagball 80gr:: 8,00 m<\/p>\n<p><strong>WK# 601 &#8211; Wahlfachvierkampf LA 12-13 Jahre m\u00e4nnlich<\/strong><br \/>\n4. Simon Bischop &#8211; 22,44 Punkte<br \/>\n75 m : 11,80 sec \/\/ Weit\/Zone: 3,77 m \/\/ Kugel 3,0 : 5,42 m \/\/ Schleuderball 0,8 kg : 19,73 m<\/p>\n<p>8. Lennard Schewe 19,24 Punkte<br \/>\n75 m : 13,10 sec \/\/ Weit\/Zone: 3,26 m \/\/ Kugel 3,0 : 4,53 m \/\/ Schleuderball 0,8 kg: 21,56 m<\/p>\n","protected":false},"excerpt":{"rendered":"<p>Durststrecke beim Gauturnfest beendet ?? Turner und Leichtathleten feierten in Oestrich-Winkel das 132. Gauturnfest. Am 02. Juni fand in Winkel das 132. Gauturnfest statt. Fast 250 Sportler\/Innen zogen es vor, [&hellip;]<\/p>\n","protected":false},"author":10,"featured_media":1069,"comment_status":"closed","ping_status":"closed","sticky":false,"template":"","format":"standard","meta":{"_acf_changed":false,"footnotes":""},"categories":[22],"tags":[],"class_list":["post-1251","post","type-post","status-publish","format-standard","has-post-thumbnail","hentry","category-leichtathletik"],"acf":[],"publishpress_future_action":{"enabled":false,"date":"2026-05-09 11:16:28","action":"change-status","newStatus":"draft","terms":[],"taxonomy":"category","extraData":[]},"publishpress_future_workflow_manual_trigger":{"enabledWorkflows":[]},"_links":{"self":[{"href":"https:\/\/tg-schierstein.de\/index.php?rest_route=\/wp\/v2\/posts\/1251","targetHints":{"allow":["GET"]}}],"collection":[{"href":"https:\/\/tg-schierstein.de\/index.php?rest_route=\/wp\/v2\/posts"}],"about":[{"href":"https:\/\/tg-schierstein.de\/index.php?rest_route=\/wp\/v2\/types\/post"}],"author":[{"embeddable":true,"href":"https:\/\/tg-schierstein.de\/index.php?rest_route=\/wp\/v2\/users\/10"}],"replies":[{"embeddable":true,"href":"https:\/\/tg-schierstein.de\/index.php?rest_route=%2Fwp%2Fv2%2Fcomments&post=1251"}],"version-history":[{"count":0,"href":"https:\/\/tg-schierstein.de\/index.php?rest_route=\/wp\/v2\/posts\/1251\/revisions"}],"wp:featuredmedia":[{"embeddable":true,"href":"https:\/\/tg-schierstein.de\/index.php?rest_route=\/wp\/v2\/media\/1069"}],"wp:attachment":[{"href":"https:\/\/tg-schierstein.de\/index.php?rest_route=%2Fwp%2Fv2%2Fmedia&parent=1251"}],"wp:term":[{"taxonomy":"category","embeddable":true,"href":"https:\/\/tg-schierstein.de\/index.php?rest_route=%2Fwp%2Fv2%2Fcategories&post=1251"},{"taxonomy":"post_tag","embeddable":true,"href":"https:\/\/tg-schierstein.de\/index.php?rest_route=%2Fwp%2Fv2%2Ftags&post=1251"}],"curies":[{"name":"wp","href":"https:\/\/api.w.org\/{rel}","templated":true}]}}