{"id":1244,"date":"2019-05-19T22:01:34","date_gmt":"2019-05-19T20:01:34","guid":{"rendered":"https:\/\/test.tg-schierstein.de\/?p=1244"},"modified":"2021-06-18T13:21:50","modified_gmt":"2021-06-18T11:21:50","slug":"gaumehrkampf-nachwuchsmeisterschaften-2019","status":"publish","type":"post","link":"https:\/\/tg-schierstein.de\/?p=1244","title":{"rendered":"Gaumehrkampf- \/ Nachwuchsmeisterschaften 2019"},"content":{"rendered":"<h3>Guter Start der Leichtathleten in die Saison<br \/>\nErfolgreiches Wochenende f\u00fcr Schiersteins Leichtathleten<\/h3>\n<p>Endlich war es soweit, die Freiluftsaison startete. Bei strahlendem Sonnenschein trafen sich die Mehrk\u00e4mpfer der Turngaue S\u00fcd-Nassau und Mitteltaunus am 19.Mai in Geisenheim zu den Gaumehrkampfmeisterschaften.<\/p>\n<p>Saskia, Lennard, Simon und Fabian, die Athleten der TG, freuten sich auf diesen Wettkampf. Saskia, Lennard und Simon waren trotz allem sehr nerv\u00f6s denn eine neue Wettkampfdisziplin, Kugelsto\u00dfen, stand auf dem Programm. Bei Fabian \u00e4nderte sich hingegen nur das Gewicht der Kugel, aber 1,26 Kilogramm mehr k\u00f6nnen schon ganz sch\u00f6n viel sein.<\/p>\n<p>Wie sollte es auch anders sein &#8211; oder war es vielleicht doch ein Wink des Schicksals?.<br \/>\nMussten wir doch gleich mit Kugelsto\u00df beginnen. Als man merkte, dass es den anderen Wettk\u00e4mpfern auch nicht besser ging, waren die anf\u00e4nglichen Schwierig-keiten schnell \u00fcberwunden und unsere Wettk\u00e4mpfer konnten sich von Versuch zu Versuch steigen.<\/p>\n<p>Fabian, der bei uns auch Handball spielt, lieferte sich mit einem Mannschafts-kameraden welcher in Leichtathletik f\u00fcr Biebrich startet, einen packenden Wettkampf. Fabian musste sich aber am Ende doch geschlagen geben. Beim Weitsprung hatte Fabian etwas Pech. Nach einem Sicherheitssprung auf knapp \u00fcber 5,00 Meter legte er alles in die n\u00e4chsten beiden Spr\u00fcnge welche aber wegen \u00dcbertretens (nur optisch \u2013 kein Abdruck auf der Knetmasse) ung\u00fcltig waren.<\/p>\n<p>Simon, er wurde trotz abgegebener Datenschutzerkl\u00e4rung, in den Siegerlisten mit XXXXX(Datenschutz) gef\u00fchrt und Lennard lieferten sich einen packenden Wettkampf. Ging es hier letztendlich um den Gewinn in ihrer Altersklasse. Bei Lennard machte sich dann doch der verletzungsbedingte Trainingsr\u00fcckstand bemerkbar so dass er zum Schluss keine Chance gegen Simon hatte. Bis zu n\u00e4chsten Wettkampf d\u00fcrfte Lennard aber den Trainingsr\u00fcckstand aufgeholt haben und Simon dann richtig herausfordern.<\/p>\n<p>Saskia, unsere Athletin mit der meisten Wettkampferfahrung, spulte ihren Wettkampf ganz souver\u00e4n ab. Beim Lauf und Weitsprung konnte Sie sich gegen\u00fcber dem letzten Jahr doch erheblich steigern. Auch das Kugelsto\u00dfen, welches seit diesem Jahr bei ihr im Wettkampfprogramm ist, scheint ihr mehr zu liegen als der Ballwurf.<\/p>\n<p>Auf Grund der Tatsache, dass der Start in die Freiluftsaison wetterbedingt nicht optimal verlief und wir in dieser Saison mit Kugelsto\u00dfen und Schleuderball zwei neue Wettkampfdiszipline im Programm haben, sind wir mit unserer Leistung mehr als zufrieden.<\/p>\n<hr \/>\n<h3>Ergebnisliste<br \/>\nGaumehrkampf- \/ Nachwuchsmeisterschaften 2019<br \/>\nin Geisenheim am 19.05.2019<\/h3>\n<p><strong>Leichtathletischer 3-Kampf M\u00e4nner 20 &#8211; 29 Jahre<\/strong><br \/>\n2. Fabian Beudt (Jg.1999) &#8211; 28,25 Pkt.<br \/>\n100m-Lauf = 13,10 sek. \/ Weit = 5,01 m \/ Kugel 7,25 Kg = 8,32 m<\/p>\n<p><strong>Leichtathletischer 3-Kampf m\u00e4nnl. Jugend 12 &#8211; 13 Jahre<\/strong><br \/>\n1. Simon Bishop (Jg.2007) &#8211; 18,75 Pkt.<br \/>\n75m-Lauf = 12,09 sek. \/ Weit = 3,83 m \/ Kugel 3,0 Kg = 5,00 m<\/p>\n<p>2. Lennard Schewe (Jg.2007) &#8211; 16,700 Pkt.<br \/>\n75m-Lauf = 12,98 sek. \/ Weit = 3,43 m \/ Kugel 3,0 Kg = 5,06 m<\/p>\n<p><strong>Leichtathletischer 3-Kampf weibl. Jugend 12 &#8211; 13 Jahre<\/strong><br \/>\n1. Saskia Kr\u00f6ber (Jg.2006) &#8211; 19,70 Pkt.<br \/>\n75m-Lauf = 13,27 sek. \/ Weit = 3,29 m \/ Kugel 3,0 Kg = 5,49 m<\/p>\n","protected":false},"excerpt":{"rendered":"<p>Guter Start der Leichtathleten in die Saison Erfolgreiches Wochenende f\u00fcr Schiersteins Leichtathleten Endlich war es soweit, die Freiluftsaison startete. Bei strahlendem Sonnenschein trafen sich die Mehrk\u00e4mpfer der Turngaue S\u00fcd-Nassau und [&hellip;]<\/p>\n","protected":false},"author":10,"featured_media":1069,"comment_status":"closed","ping_status":"closed","sticky":false,"template":"","format":"standard","meta":{"_acf_changed":false,"footnotes":""},"categories":[22],"tags":[],"class_list":["post-1244","post","type-post","status-publish","format-standard","has-post-thumbnail","hentry","category-leichtathletik"],"acf":[],"publishpress_future_action":{"enabled":false,"date":"2026-05-08 05:15:37","action":"change-status","newStatus":"draft","terms":[],"taxonomy":"category","extraData":[]},"publishpress_future_workflow_manual_trigger":{"enabledWorkflows":[]},"_links":{"self":[{"href":"https:\/\/tg-schierstein.de\/index.php?rest_route=\/wp\/v2\/posts\/1244","targetHints":{"allow":["GET"]}}],"collection":[{"href":"https:\/\/tg-schierstein.de\/index.php?rest_route=\/wp\/v2\/posts"}],"about":[{"href":"https:\/\/tg-schierstein.de\/index.php?rest_route=\/wp\/v2\/types\/post"}],"author":[{"embeddable":true,"href":"https:\/\/tg-schierstein.de\/index.php?rest_route=\/wp\/v2\/users\/10"}],"replies":[{"embeddable":true,"href":"https:\/\/tg-schierstein.de\/index.php?rest_route=%2Fwp%2Fv2%2Fcomments&post=1244"}],"version-history":[{"count":0,"href":"https:\/\/tg-schierstein.de\/index.php?rest_route=\/wp\/v2\/posts\/1244\/revisions"}],"wp:featuredmedia":[{"embeddable":true,"href":"https:\/\/tg-schierstein.de\/index.php?rest_route=\/wp\/v2\/media\/1069"}],"wp:attachment":[{"href":"https:\/\/tg-schierstein.de\/index.php?rest_route=%2Fwp%2Fv2%2Fmedia&parent=1244"}],"wp:term":[{"taxonomy":"category","embeddable":true,"href":"https:\/\/tg-schierstein.de\/index.php?rest_route=%2Fwp%2Fv2%2Fcategories&post=1244"},{"taxonomy":"post_tag","embeddable":true,"href":"https:\/\/tg-schierstein.de\/index.php?rest_route=%2Fwp%2Fv2%2Ftags&post=1244"}],"curies":[{"name":"wp","href":"https:\/\/api.w.org\/{rel}","templated":true}]}}