{"id":12408,"date":"2025-09-13T21:30:01","date_gmt":"2025-09-13T19:30:01","guid":{"rendered":"https:\/\/tg-schierstein.de\/?p=12408"},"modified":"2025-09-16T09:12:34","modified_gmt":"2025-09-16T07:12:34","slug":"hsg-m2-hsg-1848-tus-holzheim-ii-2927-1613","status":"publish","type":"post","link":"https:\/\/tg-schierstein.de\/?p=12408","title":{"rendered":"HSG-M2 | HSG 1848 &#8211; TuS Holzheim II  29:27 (16:13)"},"content":{"rendered":"<p><strong>Sieg des Willens<\/strong><\/p>\n<p>Ein wahrer Handballkrimi spielte sich am sp\u00e4ten Samstagabend in der Schelmengrabenhalle ab, als sich die beiden Reserven der Oberligisten einen offenen Schlagabtausch lieferten.<\/p>\n<p>Unsere M2 kam etwas nerv\u00f6s ins Spiel, vergab gleich paar freie W\u00fcrfe und lag zun\u00e4chst zur\u00fcck. Zudem fiel fr\u00fch Moritz Bl\u00f6meke verletzt aus, der auch im weiteren Verlauf nicht mehr eingesetzt werden konnte. So ging das Team um den gut haltenden neuen Kapit\u00e4n Lars Kunze erst beim 6:5 in F\u00fchrung, baute diese auf 15:10 aus und ging mit einer 16:13 F\u00fchrung in die Kabinen. Eine stabile Abwehr und vorne gutes Zusammenspiel bei guter Effizienz legten den Grundstein f\u00fcr die F\u00fchrung. Kurz vor Ende der ersten H\u00e4lfte wurde allerdings unser Mittelmann und Regisseur Oli unsanft in den Weichteilen getroffen und ein Weiterspielen war fraglich.<\/p>\n<p><strong>Comeback von Max Klein<\/strong><\/p>\n<p>So mussten andere Verantwortung \u00fcbernehmen\u2026und das machten die Jungs dann auch. Allen voran Maxi Klein, der nun das Spiel an sich riss und mit 10 Treffern zum Matchwinner avancierte. Auch in der Deckung war Max stark. Ein mehr als gelungenes Comeback nach der langen Verletzungspause.<\/p>\n<p><strong>Junge Wilde<\/strong><\/p>\n<p>Aber auch die jungen Wilden Nico Wilhelmi (5 blitzsaubere Treffer), Malte Ziran und Dominik Moos sprangen in die Bresche und lieferten des G\u00e4sten einen Fight. Das Spiel drohte dennoch zu kippen, als die G\u00e4ste beim 19:18 in F\u00fchrung gingen. Oli H\u00e4user biss nun aber auf die Z\u00e4hne und konnte wieder mitwirken. Das gab der Mannschaft wieder mehr Sicherheit und es entwickelte sich ein Krimi, bei dem sich kein Team wirklich absetzen konnte. Maxis Treffer \u00fcber einen 4-Mann-Block bei angezeigten Zeitspiel und auch der k\u00e4mpferische Einsatz von Lars Hansen in der Deckung gaben dann aber noch mal einen Ruck durchs Team und der Siegeswillen war beim Team deutlich zu sp\u00fcren. Daniel Menges blieb nun eiskalt bei \u00dcberl\u00e4ufen und Dominik Moos erzielte in seinem ersten Aktivenspiel den erl\u00f6senden Siegtreffer zum 29:26.<\/p>\n<p><span style=\"text-decoration: underline;\">F\u00fcr die M2 spielten:<\/span><br \/>\nKunze (1.-60.), Schelter, Klein 10, Wilhelmi 5, Menges 5, H\u00e4user 5, Hansen 1, Sch\u00e4fer 1, Moos 1, Bl\u00f6meke 1, Ziran, Rausch, Wolf, Diler<\/p>\n<p>N\u00e4chsten Samstag steht das erste Ausw\u00e4rtsspiel an, wenn unsere Jungs zur MSG Schwarzbach reisen. Letzte Saison gingen die Vergleiche torreich 34:36 und 42:41 aus\u2026viele Tore scheinen also garantiert bei diesen Teams. Anpfiff ist um 17.00 Uhr in der Br\u00fchlwiesenschule Hofheim.<\/p>\n","protected":false},"excerpt":{"rendered":"<p>Sieg des Willens Ein wahrer Handballkrimi spielte sich am sp\u00e4ten Samstagabend in der Schelmengrabenhalle ab, als sich die beiden Reserven der Oberligisten einen offenen Schlagabtausch lieferten. Unsere M2 kam etwas [&hellip;]<\/p>\n","protected":false},"author":4,"featured_media":12407,"comment_status":"closed","ping_status":"closed","sticky":false,"template":"","format":"standard","meta":{"_acf_changed":false,"footnotes":""},"categories":[25],"tags":[],"class_list":["post-12408","post","type-post","status-publish","format-standard","has-post-thumbnail","hentry","category-handball"],"acf":[],"publishpress_future_action":{"enabled":false,"date":"2026-05-07 18:50:20","action":"change-status","newStatus":"draft","terms":[],"taxonomy":"category","extraData":[]},"publishpress_future_workflow_manual_trigger":{"enabledWorkflows":[]},"_links":{"self":[{"href":"https:\/\/tg-schierstein.de\/index.php?rest_route=\/wp\/v2\/posts\/12408","targetHints":{"allow":["GET"]}}],"collection":[{"href":"https:\/\/tg-schierstein.de\/index.php?rest_route=\/wp\/v2\/posts"}],"about":[{"href":"https:\/\/tg-schierstein.de\/index.php?rest_route=\/wp\/v2\/types\/post"}],"author":[{"embeddable":true,"href":"https:\/\/tg-schierstein.de\/index.php?rest_route=\/wp\/v2\/users\/4"}],"replies":[{"embeddable":true,"href":"https:\/\/tg-schierstein.de\/index.php?rest_route=%2Fwp%2Fv2%2Fcomments&post=12408"}],"version-history":[{"count":2,"href":"https:\/\/tg-schierstein.de\/index.php?rest_route=\/wp\/v2\/posts\/12408\/revisions"}],"predecessor-version":[{"id":12410,"href":"https:\/\/tg-schierstein.de\/index.php?rest_route=\/wp\/v2\/posts\/12408\/revisions\/12410"}],"wp:featuredmedia":[{"embeddable":true,"href":"https:\/\/tg-schierstein.de\/index.php?rest_route=\/wp\/v2\/media\/12407"}],"wp:attachment":[{"href":"https:\/\/tg-schierstein.de\/index.php?rest_route=%2Fwp%2Fv2%2Fmedia&parent=12408"}],"wp:term":[{"taxonomy":"category","embeddable":true,"href":"https:\/\/tg-schierstein.de\/index.php?rest_route=%2Fwp%2Fv2%2Fcategories&post=12408"},{"taxonomy":"post_tag","embeddable":true,"href":"https:\/\/tg-schierstein.de\/index.php?rest_route=%2Fwp%2Fv2%2Ftags&post=12408"}],"curies":[{"name":"wp","href":"https:\/\/api.w.org\/{rel}","templated":true}]}}