{"id":11545,"date":"2025-05-03T19:30:36","date_gmt":"2025-05-03T17:30:36","guid":{"rendered":"https:\/\/tg-schierstein.de\/?p=11545"},"modified":"2025-05-07T15:20:13","modified_gmt":"2025-05-07T13:20:13","slug":"hsg-m2-hsg-1848-msg-schwarzbach-4241-1920","status":"publish","type":"post","link":"https:\/\/tg-schierstein.de\/?p=11545","title":{"rendered":"HSG-M2 | HSG 1848 \u2013 MSG Schwarzbach 42:41 (19:20)"},"content":{"rendered":"<p><strong>Revanche gegl\u00fcckt,<\/strong><br \/>\n<strong>Spiel ohne Abwehr-Reihen<\/strong><\/p>\n<p>Im Spiel gegen die MSG Schwarzbach sollten unbedingt zwei Punkte her, um auch rein rechnerisch nichts mehr mit dem Abstieg zu tun zu haben. Dies gelang und dazu m\u00f6chte das Trainerteam dem jungen Team gratulieren. Es war keine leichte Saison, die die Jungs da zu bew\u00e4ltigen hatten. Dazu unten mehr\u2026<\/p>\n<p>Zum Spiel: es war ein Spiel ohne Abwehr-Reihen. Wie schon im Hinspiel (34:36) fielen ungemein viele Tore. Da es ja kaum Abwehr-Aktionen zu bejubeln gab, mussten die Jungs in fast jedem Angriff treffen &#8211; und taten das auch, trotz des fr\u00fchen Ausscheidens durch Verletzung von Gabriel Stasauskas. Stefan Pappas mit 10 und Olivier H\u00e4user mit 9 Toren ragten aus einem guten Kollektiv heraus. Auch Manndeckungen gegen Bl\u00f6meke, Pappas und H\u00e4user hielten die M2 nicht vom Tore werfen ab. Auch Nico Fr\u00f6hlich, Nico Wilhelmi, Daniel Menges, Dustin Kletsch und Felix Giegerich spielten stark. Dazu kamen in der entscheidenden Phasen wichtige Paraden von Pius Schelter hinzu. Es war eben eine wahre Teamleistung.<\/p>\n<p><span style=\"text-decoration: underline;\">F\u00fcr die M2 spielten:<\/span><br \/>\nKunze (1.-20.), Schelter (20.-60.), Pappas 10, O. H\u00e4user 9\/3, Bl\u00f6meke 5, Kletsch 4, Giegerich 3, Fr\u00f6hlich 3, Rausch 2, Menges 2, Stasauskas 1, Hansen 1<\/p>\n<p><strong>Guter Teamgeist<\/strong><\/p>\n<p>Wie in der ganzen Saison pr\u00e4gte der gute Zusammenhalt das junge Team, welches so einige Widrigkeiten zu bew\u00e4ltigen hatte. Der d\u00fcnne Kader von 9 Mann war bewusst so geschaffen, um Platz f\u00fcr Doppelspielrechte der U21 Spieler aus der M1 zu lassen. Zudem sollten die 2006er A-Jugendlichen Spielm\u00f6glichkeiten in der M2 erhalten. So die Teorie\u2026in der Praxis aber haben sich Marven Nitzke, David Kunadt, Dustin Ketsch so gut entwickelt, dass sie aus der M1 nicht wegzudenken waren und dort schon viel spielten. Und genau das ist ja auch das Ziel, unsere jungen Talente zu f\u00f6rdern und in die M1 einzubauen. Moritz Bl\u00f6meke und Stefan Pappas haben sich ebenso gut entwickelt und trainierten nur noch dort mit. Auch das: Klasse und genau unser Ziel! Nico Fr\u00f6hlich, Niklas Harant und Lars Hansen stie\u00dfen erst nach ihrer A-Jugendzeit im M\u00e4rz zum Team.<\/p>\n<p>F\u00fcr die 9 Jungs der M2 war das also nicht leicht\u2026und das rechnet das Trainerteam Fleischer\/Leukel den Jungs hoch an: die Motivation im Training war immer hoch und die verbliebenen Jungs hatten eine mega Trainingsbeteiligung. Hinzu kam dann noch in der Hinrunde die schwere Verletzung unseres Goalgetters und Abwehrchefs Maxi Klein. Dieser f\u00fchrte zu dem Zeitpunkt die Tosch\u00fctzenliste der BOL an. Wir sind mit Sicherheit die einzige BOL Mannschaft, die nicht in einem einzigen Donnerstags-Abschlusstraining 6:6 spielen konnte. Daher nochmals: Klasse Leistung, Jungs!<\/p>\n<p><strong>Ausblick<br \/>\nVoller Kader und Konkurrenzkampf 2025\/26<\/strong><\/p>\n<p>Dieses Jahr war ein \u00dcbergangsjahr, welches die Jungs sehr gut bew\u00e4ltigt haben. Kommende Saison steht dann aber unter g\u00e4nzlich anderen Vorzeichen. Durch das Nachr\u00fccken der 2006er aus der A-Jugend und den Neuzug\u00e4ngen Finn Sch\u00e4fer (M3), Leo Wolf (M3) und Malte Ziran (TV Idstein) stehen in der kommenden Saison 18 Mann im Kader der M2. Auf diesen Konkurrenzkampf freut sich das Trainerteam und auch die Jungs freuen sich auf endlich 6:6 im Abschluss Spiel.<\/p>\n<p>Am Samstag steht das letzte Saisonspiel an. Wir fahren wir noch mal zum TV Petterweil II, bevor die M2 eine wohlverdiente Pause bekommt.<\/p>\n<p>Ab dem 16.6. wird dann die Vorbereitung auf die neue Saison starten\u2026mit 18 jungen, talentierten, trainingsflei\u00dfigen Jungs unserer HSG 1848 II.<\/p>\n","protected":false},"excerpt":{"rendered":"<p>Revanche gegl\u00fcckt, Spiel ohne Abwehr-Reihen Im Spiel gegen die MSG Schwarzbach sollten unbedingt zwei Punkte her, um auch rein rechnerisch nichts mehr mit dem Abstieg zu tun zu haben. Dies [&hellip;]<\/p>\n","protected":false},"author":4,"featured_media":10128,"comment_status":"closed","ping_status":"closed","sticky":false,"template":"","format":"standard","meta":{"_acf_changed":false,"footnotes":""},"categories":[25],"tags":[],"class_list":["post-11545","post","type-post","status-publish","format-standard","has-post-thumbnail","hentry","category-handball"],"acf":[],"publishpress_future_action":{"enabled":false,"date":"2026-05-07 06:01:14","action":"change-status","newStatus":"draft","terms":[],"taxonomy":"category","extraData":[]},"publishpress_future_workflow_manual_trigger":{"enabledWorkflows":[]},"_links":{"self":[{"href":"https:\/\/tg-schierstein.de\/index.php?rest_route=\/wp\/v2\/posts\/11545","targetHints":{"allow":["GET"]}}],"collection":[{"href":"https:\/\/tg-schierstein.de\/index.php?rest_route=\/wp\/v2\/posts"}],"about":[{"href":"https:\/\/tg-schierstein.de\/index.php?rest_route=\/wp\/v2\/types\/post"}],"author":[{"embeddable":true,"href":"https:\/\/tg-schierstein.de\/index.php?rest_route=\/wp\/v2\/users\/4"}],"replies":[{"embeddable":true,"href":"https:\/\/tg-schierstein.de\/index.php?rest_route=%2Fwp%2Fv2%2Fcomments&post=11545"}],"version-history":[{"count":2,"href":"https:\/\/tg-schierstein.de\/index.php?rest_route=\/wp\/v2\/posts\/11545\/revisions"}],"predecessor-version":[{"id":11547,"href":"https:\/\/tg-schierstein.de\/index.php?rest_route=\/wp\/v2\/posts\/11545\/revisions\/11547"}],"wp:featuredmedia":[{"embeddable":true,"href":"https:\/\/tg-schierstein.de\/index.php?rest_route=\/wp\/v2\/media\/10128"}],"wp:attachment":[{"href":"https:\/\/tg-schierstein.de\/index.php?rest_route=%2Fwp%2Fv2%2Fmedia&parent=11545"}],"wp:term":[{"taxonomy":"category","embeddable":true,"href":"https:\/\/tg-schierstein.de\/index.php?rest_route=%2Fwp%2Fv2%2Fcategories&post=11545"},{"taxonomy":"post_tag","embeddable":true,"href":"https:\/\/tg-schierstein.de\/index.php?rest_route=%2Fwp%2Fv2%2Ftags&post=11545"}],"curies":[{"name":"wp","href":"https:\/\/api.w.org\/{rel}","templated":true}]}}