{"id":11533,"date":"2025-05-03T21:01:55","date_gmt":"2025-05-03T19:01:55","guid":{"rendered":"https:\/\/tg-schierstein.de\/?p=11533"},"modified":"2025-05-07T15:25:20","modified_gmt":"2025-05-07T13:25:20","slug":"hsg-mb1-saison-2025-26","status":"publish","type":"post","link":"https:\/\/tg-schierstein.de\/?p=11533","title":{"rendered":"HSG-mB1 | Saison 2025\/26"},"content":{"rendered":"<p><strong>Vorbericht Bundesliga Qualifikation \/ <\/strong><strong>Kader<\/strong><\/p>\n<p>Am 11. Mai steht f\u00fcr die neu formierte B1 der HSG 1848 die Bundesliga-Qualifikation an. Die Mannschaft besteht \u00fcberwiegend aus Jungs aus dem Jahrgang 2009, aber auch f\u00fcnf 2010er haben den Sprung in die B1 geschafft und sich dem ambitionierten Handball verschrieben.<\/p>\n<p><strong>4 Neuzug\u00e4nge<\/strong><br \/>\nZuwachs erhielt das Team durch die Neuzug\u00e4nge Yannis Emmerich, Florian Gr\u00f6sch, Luke Cochem und Leander Glaubauf. Die Jungs haben sich schnell eingefunden und sind schon jetzt voll eingebunden.<\/p>\n<p><strong>Hiobsbotschaft<\/strong><br \/>\nUnser Fredi Seil hat leider eine R\u00fccken-Verletzung und wird l\u00e4nger ausfallen. Das ganze Team dr\u00fcckt Fredi die Daumen, dass er gest\u00e4rkt und gesund wieder aufs Handballfeld zur\u00fcckkommt.<\/p>\n<p><strong>Neues, altes Trainerteam<\/strong><br \/>\nDie Jungs werden von Christian Fleischer und Markus Seil gecoacht, die v.a. Wert auf Tempohandball, Leidenschaft und Teamspirit legen.<\/p>\n<p><strong>Trainingstage<\/strong><br \/>\nNeben den drei Einheiten pro Woche absolvieren die Jungs aktuell noch zus\u00e4tzliche Trainingstage, an denen am Feinschliff gearbeitet wird. Ein erster Test gegen den TV Nieder Olm wurde deutlich gewonnen und hier zeigten die Jungs schon gute Ans\u00e4tze.<\/p>\n<p>Wir d\u00fcrfen gespant sein, wie sich die Jungs in der Quali schlagen. Hier ist wie immer alles m\u00f6glich. Hoffen wir, die Jungs erwischen einen guten Tag. Dann k\u00f6nnen sie das Turnier gewinnen und in die n\u00e4chste Runde einziehen.<\/p>\n<p>Das erste Turnier findet am 11.5.2025 statt. In der Sporthalle Schelmengraben. Ab 10.00 Uhr starten die Spiele. F\u00fcr das leibliche Wohl ist nat\u00fcrlich auch bestens gesorgt\u2026kommt also vorbei! Der Modus will es so: nur der Turniersieger erh\u00e4lt die Chance auf die Bundesliga.<\/p>\n","protected":false},"excerpt":{"rendered":"<p>Vorbericht Bundesliga Qualifikation \/ Kader Am 11. Mai steht f\u00fcr die neu formierte B1 der HSG 1848 die Bundesliga-Qualifikation an. Die Mannschaft besteht \u00fcberwiegend aus Jungs aus dem Jahrgang 2009, [&hellip;]<\/p>\n","protected":false},"author":4,"featured_media":11549,"comment_status":"closed","ping_status":"closed","sticky":false,"template":"","format":"standard","meta":{"_acf_changed":false,"footnotes":""},"categories":[25],"tags":[],"class_list":["post-11533","post","type-post","status-publish","format-standard","has-post-thumbnail","hentry","category-handball"],"acf":[],"publishpress_future_action":{"enabled":false,"date":"2026-05-07 04:49:58","action":"change-status","newStatus":"draft","terms":[],"taxonomy":"category","extraData":[]},"publishpress_future_workflow_manual_trigger":{"enabledWorkflows":[]},"_links":{"self":[{"href":"https:\/\/tg-schierstein.de\/index.php?rest_route=\/wp\/v2\/posts\/11533","targetHints":{"allow":["GET"]}}],"collection":[{"href":"https:\/\/tg-schierstein.de\/index.php?rest_route=\/wp\/v2\/posts"}],"about":[{"href":"https:\/\/tg-schierstein.de\/index.php?rest_route=\/wp\/v2\/types\/post"}],"author":[{"embeddable":true,"href":"https:\/\/tg-schierstein.de\/index.php?rest_route=\/wp\/v2\/users\/4"}],"replies":[{"embeddable":true,"href":"https:\/\/tg-schierstein.de\/index.php?rest_route=%2Fwp%2Fv2%2Fcomments&post=11533"}],"version-history":[{"count":2,"href":"https:\/\/tg-schierstein.de\/index.php?rest_route=\/wp\/v2\/posts\/11533\/revisions"}],"predecessor-version":[{"id":11550,"href":"https:\/\/tg-schierstein.de\/index.php?rest_route=\/wp\/v2\/posts\/11533\/revisions\/11550"}],"wp:featuredmedia":[{"embeddable":true,"href":"https:\/\/tg-schierstein.de\/index.php?rest_route=\/wp\/v2\/media\/11549"}],"wp:attachment":[{"href":"https:\/\/tg-schierstein.de\/index.php?rest_route=%2Fwp%2Fv2%2Fmedia&parent=11533"}],"wp:term":[{"taxonomy":"category","embeddable":true,"href":"https:\/\/tg-schierstein.de\/index.php?rest_route=%2Fwp%2Fv2%2Fcategories&post=11533"},{"taxonomy":"post_tag","embeddable":true,"href":"https:\/\/tg-schierstein.de\/index.php?rest_route=%2Fwp%2Fv2%2Ftags&post=11533"}],"curies":[{"name":"wp","href":"https:\/\/api.w.org\/{rel}","templated":true}]}}