{"id":11340,"date":"2025-03-23T18:30:48","date_gmt":"2025-03-23T17:30:48","guid":{"rendered":"https:\/\/tg-schierstein.de\/?p=11340"},"modified":"2025-03-24T10:57:30","modified_gmt":"2025-03-24T09:57:30","slug":"hsg-mb2-tg-ruesselsheim-hsg-1848-2728-1312","status":"publish","type":"post","link":"https:\/\/tg-schierstein.de\/?p=11340","title":{"rendered":"HSG-mB2 | TG R\u00fcsselsheim \u2013 HSG 1848  27:28 (13:12)"},"content":{"rendered":"<p><strong>Revanche gegl\u00fcckt<\/strong><br \/>\n<strong>Matchwinner Rayan El-Meriani<\/strong><\/p>\n<p>Dieses Spiel war f\u00fcr das Trainerteam Fleischer\/M\u00fchling das pers\u00f6nliche Highlight der<br \/>\nSaison. Nach der ungl\u00fccklichen Hinspielniederlage waren die Mannen um Kapit\u00e4n<br \/>\nBen Reischauer auf Revanche aus und wollten unbedingt siegen. Eines vorweg: die<br \/>\nRevanche ist gegl\u00fcckt und die B2 feierte in einem wahren Handball-Krimi<br \/>\nausgelassen den Ausw\u00e4rtssieg.<\/p>\n<p>Obwohl nun wirklich nicht alles gut war, es sich sogar Fehler an Fehler h\u00e4uften, das<br \/>\nTeam in der 39. Spielminute 18:24 hinten lag, hielten die Jungs immer zusammen,<br \/>\nglaubten an sich und drehten die Partie noch zu ihren Gunsten. Eine unfassbare<br \/>\nWillensleistung!<\/p>\n<p><strong>5 Tore in der letzten Minute<\/strong><\/p>\n<p>Das Spiel war in H\u00e4lfte Eins komplett ausgeglichen, bevor der Gastgeber in H\u00e4lfte<br \/>\nZwei davonzog und auf sechs Tore enteilte. In dieser Phase leisteten wir uns viele<br \/>\ntechnische Fehler und \u201eschenkten\u201c den Ball zu oft her. Doch dann\u2026mit Hereinnahme<br \/>\nvon Mats Br\u00e4ckow im Geh\u00e4use und riesigem Siegeswillen legten wir einen<br \/>\nunverhofften Zwischenspurt hin und glichen tats\u00e4chlich aus. Dann kam die letzte<br \/>\nSpielminute- und auch in meiner langj\u00e4hrigen Zeit als Coach und Spieler- habe ich so<br \/>\neine letzte Minute selten erlebt.<\/p>\n<p><strong><span style=\"text-decoration: underline;\">Hier der Ablauf:<\/span><\/strong><br \/>\n49:03\u2026 26:25 R\u00fcsselsheim<br \/>\n49:16\u202626:26 Jakob Blumenthal<br \/>\n49:36\u20262 Minuten <span style=\"text-decoration: underline;\">gegen<\/span> uns und 27:26 R\u00fcsselsheim (7m)<br \/>\n49:51\u202627:27 Jakob Blumenthal<br \/>\n\u2026Anwurf R\u00fcsselsheim, Steal durch Phillip Klimek, Freiwurf bei 9m<br \/>\n50:00\u2026 27:28 Rayan El Meriani (direkter Freiwurf)<\/p>\n<p>Das ganze Spiel \u00fcber herrschte eine gro\u00dfartige Stimmung auf den R\u00e4ngen, die<br \/>\nElternschaften unterst\u00fctzten ihre Jungs lautstark und lieferten sich auch auf der<br \/>\nTrib\u00fcne einen wahren Lautst\u00e4rke-Fight. Die Elternschaft der Gastgeber ist<br \/>\nbekannterma\u00dfen hochmotiviert und das steckte unsere Anh\u00e4nger offensichtlich zu<br \/>\nH\u00f6chstleistungen an. Auch hier behielten wir die Oberhand und somit war es eine<br \/>\nwahre TEAMLEISTUNG aller Anwesenden, die diesen Sieg m\u00f6glich machte.<br \/>\nMatchwinner war aber Rayan El Meriani mit dem Siegtreffer und insgesamt 9<br \/>\nTreffern trotz Ramadan. Auch das eine gro\u00dfe Willensleistung!<\/p>\n<p><span style=\"text-decoration: underline;\">F\u00fcr die B2 spielten:<\/span><br \/>\nBr\u00e4ckow (1.-12.\/40.-50.), Caputo (12.-40.), Zander 2, Blumenthal 3, Goeke 1, Demel, Winkenwerder 1, Klimek 4\/1, Mallmann 4, Bl\u00f6meke 1, Debus 3, Reischauer, G\u00fcl, El-Meriani 9<\/p>\n<p>Nun folgt noch eine Partie gegen den Rangzweiten aus Schwalbach\/Niederh\u00f6chstadt. Im Anschluss an die Partie wird noch gemeinsam gegrillt und bei einer kalten Cola auf diese ereignisreiche Saison zur\u00fcckgeblickt. Direkt in der Woche drauf geht es schon mit den neuen Teams in die Vorbereitung f\u00fcr die bevorstehende Qualifikation.<\/p>\n<p>Am 1.6.2025 steht dann noch ein Abschluss-Event bevor, in der die Mannschaftskasse mit einem Ausflug zum Spiel HSG Wetzlar gegen die Rhein-Neckar L\u00f6wen inklusive Essen und Trinken auf den Kopf gehauen wird.<\/p>\n","protected":false},"excerpt":{"rendered":"<p>Revanche gegl\u00fcckt Matchwinner Rayan El-Meriani Dieses Spiel war f\u00fcr das Trainerteam Fleischer\/M\u00fchling das pers\u00f6nliche Highlight der Saison. Nach der ungl\u00fccklichen Hinspielniederlage waren die Mannen um Kapit\u00e4n Ben Reischauer auf Revanche [&hellip;]<\/p>\n","protected":false},"author":4,"featured_media":9975,"comment_status":"closed","ping_status":"closed","sticky":false,"template":"","format":"standard","meta":{"_acf_changed":false,"footnotes":""},"categories":[25],"tags":[],"class_list":["post-11340","post","type-post","status-publish","format-standard","has-post-thumbnail","hentry","category-handball"],"acf":[],"publishpress_future_action":{"enabled":false,"date":"2026-05-10 12:02:40","action":"change-status","newStatus":"draft","terms":[],"taxonomy":"category","extraData":[]},"publishpress_future_workflow_manual_trigger":{"enabledWorkflows":[]},"_links":{"self":[{"href":"https:\/\/tg-schierstein.de\/index.php?rest_route=\/wp\/v2\/posts\/11340","targetHints":{"allow":["GET"]}}],"collection":[{"href":"https:\/\/tg-schierstein.de\/index.php?rest_route=\/wp\/v2\/posts"}],"about":[{"href":"https:\/\/tg-schierstein.de\/index.php?rest_route=\/wp\/v2\/types\/post"}],"author":[{"embeddable":true,"href":"https:\/\/tg-schierstein.de\/index.php?rest_route=\/wp\/v2\/users\/4"}],"replies":[{"embeddable":true,"href":"https:\/\/tg-schierstein.de\/index.php?rest_route=%2Fwp%2Fv2%2Fcomments&post=11340"}],"version-history":[{"count":3,"href":"https:\/\/tg-schierstein.de\/index.php?rest_route=\/wp\/v2\/posts\/11340\/revisions"}],"predecessor-version":[{"id":11342,"href":"https:\/\/tg-schierstein.de\/index.php?rest_route=\/wp\/v2\/posts\/11340\/revisions\/11342"}],"wp:featuredmedia":[{"embeddable":true,"href":"https:\/\/tg-schierstein.de\/index.php?rest_route=\/wp\/v2\/media\/9975"}],"wp:attachment":[{"href":"https:\/\/tg-schierstein.de\/index.php?rest_route=%2Fwp%2Fv2%2Fmedia&parent=11340"}],"wp:term":[{"taxonomy":"category","embeddable":true,"href":"https:\/\/tg-schierstein.de\/index.php?rest_route=%2Fwp%2Fv2%2Fcategories&post=11340"},{"taxonomy":"post_tag","embeddable":true,"href":"https:\/\/tg-schierstein.de\/index.php?rest_route=%2Fwp%2Fv2%2Ftags&post=11340"}],"curies":[{"name":"wp","href":"https:\/\/api.w.org\/{rel}","templated":true}]}}