{"id":11046,"date":"2025-02-09T12:00:44","date_gmt":"2025-02-09T11:00:44","guid":{"rendered":"https:\/\/tg-schierstein.de\/?p=11046"},"modified":"2025-02-12T09:23:50","modified_gmt":"2025-02-12T08:23:50","slug":"hsg-gemg-2-heim-spielefest-der-g-jugend","status":"publish","type":"post","link":"https:\/\/tg-schierstein.de\/?p=11046","title":{"rendered":"HSG-gemG | 2. Heim-Spielefest der G-Jugend"},"content":{"rendered":"<h3><strong>Ein Tag voller Spa\u00df und Teamgeist!<\/strong><\/h3>\n<p>Am 09. Februar 2025 war es endlich soweit: Unser zweites gro\u00dfes Heim-Spielefest der G-Jugend fand in der Sporthalle Schelmengraben statt! Mit zwei eigenen Teams und insgesamt 23 begeisterten Spielerinnen und Spielern gingen wir an den Start, um uns mit sechs weiteren Mannschaften in einem fairen und spa\u00dfbetonten Wettkampf zu messen.<\/p>\n<p>Von Anfang an war die Stimmung fantastisch \u2013 nicht nur auf dem Spielfeld, sondern auch dank der gro\u00dfartigen Unterst\u00fctzung unserer Eltern. Sie packten tatkr\u00e4ftig beim Aufbau an, betreuten die Spielstationen, \u00fcbernahmen die Turnierleitung und sorgten am Thekendienst f\u00fcr das leibliche Wohl. Ein riesiges Dankesch\u00f6n an alle Helferinnen und Helfer \u2013 ohne euch w\u00e4re dieser Tag nicht m\u00f6glich gewesen!<\/p>\n<p>Auch auf dem Platz gab es jede Menge Highlights. Zahlreiche tolle Torwartparaden wurden bejubelt, spannende Spiele sorgten f\u00fcr mitrei\u00dfende Momente, und das Trainerteam konnte mit Stolz die Fortschritte aller Kinder seit dem ersten Heim-Spielefest im September beobachten. Die Freude und Begeisterung der Kids waren in jeder Aktion sp\u00fcrbar \u2013 ob beim Aufw\u00e4rmspiel, den Turnierspielen oder beim gro\u00dfen Abschlussspiel.<\/p>\n<p>Ein besonderer Dank geht an Andr\u00e9 H\u00e4user und Marc Immel, die mit vollem Einsatz als Schiedsrichter f\u00fcr faire und reibungslose Spiele sorgten.<\/p>\n<p>Den perfekten Abschluss bildete die Siegerehrung, bei der jedes Team einen Preis erhielt und alle Spielerinnen und Spieler mit einer Medaille f\u00fcr ihren tollen Einsatz belohnt wurden.<\/p>\n<p>Es war ein rundum gelungenes Fest, das uns allen noch lange in Erinnerung bleiben wird!<\/p>\n<p><a href=\"https:\/\/tg-schierstein.de\/wp-content\/uploads\/2025\/02\/G-Jugend__09-02-2025__001.jpeg\"><img loading=\"lazy\" decoding=\"async\" class=\"alignnone wp-image-11049\" src=\"https:\/\/tg-schierstein.de\/wp-content\/uploads\/2025\/02\/G-Jugend__09-02-2025__001.jpeg\" alt=\"\" width=\"400\" height=\"300\" srcset=\"https:\/\/tg-schierstein.de\/wp-content\/uploads\/2025\/02\/G-Jugend__09-02-2025__001.jpeg 2048w, https:\/\/tg-schierstein.de\/wp-content\/uploads\/2025\/02\/G-Jugend__09-02-2025__001-300x225.jpeg 300w, https:\/\/tg-schierstein.de\/wp-content\/uploads\/2025\/02\/G-Jugend__09-02-2025__001-1024x768.jpeg 1024w, https:\/\/tg-schierstein.de\/wp-content\/uploads\/2025\/02\/G-Jugend__09-02-2025__001-768x576.jpeg 768w, https:\/\/tg-schierstein.de\/wp-content\/uploads\/2025\/02\/G-Jugend__09-02-2025__001-1536x1152.jpeg 1536w, https:\/\/tg-schierstein.de\/wp-content\/uploads\/2025\/02\/G-Jugend__09-02-2025__001-1500x1125.jpeg 1500w, https:\/\/tg-schierstein.de\/wp-content\/uploads\/2025\/02\/G-Jugend__09-02-2025__001-705x529.jpeg 705w\" sizes=\"auto, (max-width: 400px) 100vw, 400px\" \/><\/a> <a href=\"https:\/\/tg-schierstein.de\/wp-content\/uploads\/2025\/02\/G-Jugend__09-02-2025__002.jpeg\"><img loading=\"lazy\" decoding=\"async\" class=\"alignnone wp-image-11050\" src=\"https:\/\/tg-schierstein.de\/wp-content\/uploads\/2025\/02\/G-Jugend__09-02-2025__002.jpeg\" alt=\"\" width=\"225\" height=\"300\" srcset=\"https:\/\/tg-schierstein.de\/wp-content\/uploads\/2025\/02\/G-Jugend__09-02-2025__002.jpeg 1536w, https:\/\/tg-schierstein.de\/wp-content\/uploads\/2025\/02\/G-Jugend__09-02-2025__002-225x300.jpeg 225w, https:\/\/tg-schierstein.de\/wp-content\/uploads\/2025\/02\/G-Jugend__09-02-2025__002-768x1024.jpeg 768w, https:\/\/tg-schierstein.de\/wp-content\/uploads\/2025\/02\/G-Jugend__09-02-2025__002-1152x1536.jpeg 1152w, https:\/\/tg-schierstein.de\/wp-content\/uploads\/2025\/02\/G-Jugend__09-02-2025__002-1125x1500.jpeg 1125w, https:\/\/tg-schierstein.de\/wp-content\/uploads\/2025\/02\/G-Jugend__09-02-2025__002-529x705.jpeg 529w\" sizes=\"auto, (max-width: 225px) 100vw, 225px\" \/><\/a> <a href=\"https:\/\/tg-schierstein.de\/wp-content\/uploads\/2025\/02\/G-Jugend__09-02-2025__003.jpeg\"><img loading=\"lazy\" decoding=\"async\" class=\"wp-image-11051 alignnone\" src=\"https:\/\/tg-schierstein.de\/wp-content\/uploads\/2025\/02\/G-Jugend__09-02-2025__003.jpeg\" alt=\"\" width=\"225\" height=\"300\" srcset=\"https:\/\/tg-schierstein.de\/wp-content\/uploads\/2025\/02\/G-Jugend__09-02-2025__003.jpeg 1536w, https:\/\/tg-schierstein.de\/wp-content\/uploads\/2025\/02\/G-Jugend__09-02-2025__003-225x300.jpeg 225w, https:\/\/tg-schierstein.de\/wp-content\/uploads\/2025\/02\/G-Jugend__09-02-2025__003-768x1024.jpeg 768w, https:\/\/tg-schierstein.de\/wp-content\/uploads\/2025\/02\/G-Jugend__09-02-2025__003-1152x1536.jpeg 1152w, https:\/\/tg-schierstein.de\/wp-content\/uploads\/2025\/02\/G-Jugend__09-02-2025__003-1125x1500.jpeg 1125w, https:\/\/tg-schierstein.de\/wp-content\/uploads\/2025\/02\/G-Jugend__09-02-2025__003-529x705.jpeg 529w\" sizes=\"auto, (max-width: 225px) 100vw, 225px\" \/><\/a> <a href=\"https:\/\/tg-schierstein.de\/wp-content\/uploads\/2025\/02\/G-Jugend__09-02-2025__004.jpeg\"><img loading=\"lazy\" decoding=\"async\" class=\"alignnone wp-image-11052\" src=\"https:\/\/tg-schierstein.de\/wp-content\/uploads\/2025\/02\/G-Jugend__09-02-2025__004.jpeg\" alt=\"\" width=\"400\" height=\"300\" srcset=\"https:\/\/tg-schierstein.de\/wp-content\/uploads\/2025\/02\/G-Jugend__09-02-2025__004.jpeg 2048w, https:\/\/tg-schierstein.de\/wp-content\/uploads\/2025\/02\/G-Jugend__09-02-2025__004-300x225.jpeg 300w, https:\/\/tg-schierstein.de\/wp-content\/uploads\/2025\/02\/G-Jugend__09-02-2025__004-1024x768.jpeg 1024w, https:\/\/tg-schierstein.de\/wp-content\/uploads\/2025\/02\/G-Jugend__09-02-2025__004-768x576.jpeg 768w, https:\/\/tg-schierstein.de\/wp-content\/uploads\/2025\/02\/G-Jugend__09-02-2025__004-1536x1152.jpeg 1536w, https:\/\/tg-schierstein.de\/wp-content\/uploads\/2025\/02\/G-Jugend__09-02-2025__004-1500x1125.jpeg 1500w, https:\/\/tg-schierstein.de\/wp-content\/uploads\/2025\/02\/G-Jugend__09-02-2025__004-705x529.jpeg 705w\" sizes=\"auto, (max-width: 400px) 100vw, 400px\" \/><\/a> <a href=\"https:\/\/tg-schierstein.de\/wp-content\/uploads\/2025\/02\/G-Jugend__09-02-2025__005.jpeg\"><img loading=\"lazy\" decoding=\"async\" class=\"alignnone wp-image-11053\" src=\"https:\/\/tg-schierstein.de\/wp-content\/uploads\/2025\/02\/G-Jugend__09-02-2025__005.jpeg\" alt=\"\" width=\"400\" height=\"300\" srcset=\"https:\/\/tg-schierstein.de\/wp-content\/uploads\/2025\/02\/G-Jugend__09-02-2025__005.jpeg 2048w, https:\/\/tg-schierstein.de\/wp-content\/uploads\/2025\/02\/G-Jugend__09-02-2025__005-300x225.jpeg 300w, https:\/\/tg-schierstein.de\/wp-content\/uploads\/2025\/02\/G-Jugend__09-02-2025__005-1024x768.jpeg 1024w, https:\/\/tg-schierstein.de\/wp-content\/uploads\/2025\/02\/G-Jugend__09-02-2025__005-768x576.jpeg 768w, https:\/\/tg-schierstein.de\/wp-content\/uploads\/2025\/02\/G-Jugend__09-02-2025__005-1536x1152.jpeg 1536w, https:\/\/tg-schierstein.de\/wp-content\/uploads\/2025\/02\/G-Jugend__09-02-2025__005-1500x1125.jpeg 1500w, https:\/\/tg-schierstein.de\/wp-content\/uploads\/2025\/02\/G-Jugend__09-02-2025__005-705x529.jpeg 705w\" sizes=\"auto, (max-width: 400px) 100vw, 400px\" \/><\/a> <a href=\"https:\/\/tg-schierstein.de\/wp-content\/uploads\/2025\/02\/G-Jugend__09-02-2025__006.jpeg\"><img loading=\"lazy\" decoding=\"async\" class=\"alignnone wp-image-11054\" src=\"https:\/\/tg-schierstein.de\/wp-content\/uploads\/2025\/02\/G-Jugend__09-02-2025__006.jpeg\" alt=\"\" width=\"225\" height=\"300\" srcset=\"https:\/\/tg-schierstein.de\/wp-content\/uploads\/2025\/02\/G-Jugend__09-02-2025__006.jpeg 1536w, https:\/\/tg-schierstein.de\/wp-content\/uploads\/2025\/02\/G-Jugend__09-02-2025__006-225x300.jpeg 225w, https:\/\/tg-schierstein.de\/wp-content\/uploads\/2025\/02\/G-Jugend__09-02-2025__006-768x1024.jpeg 768w, https:\/\/tg-schierstein.de\/wp-content\/uploads\/2025\/02\/G-Jugend__09-02-2025__006-1152x1536.jpeg 1152w, https:\/\/tg-schierstein.de\/wp-content\/uploads\/2025\/02\/G-Jugend__09-02-2025__006-1125x1500.jpeg 1125w, https:\/\/tg-schierstein.de\/wp-content\/uploads\/2025\/02\/G-Jugend__09-02-2025__006-529x705.jpeg 529w\" sizes=\"auto, (max-width: 225px) 100vw, 225px\" \/><\/a> <a href=\"https:\/\/tg-schierstein.de\/wp-content\/uploads\/2025\/02\/G-Jugend__09-02-2025__007.jpeg\"><img loading=\"lazy\" decoding=\"async\" class=\"alignnone wp-image-11055\" src=\"https:\/\/tg-schierstein.de\/wp-content\/uploads\/2025\/02\/G-Jugend__09-02-2025__007.jpeg\" alt=\"\" width=\"400\" height=\"300\" srcset=\"https:\/\/tg-schierstein.de\/wp-content\/uploads\/2025\/02\/G-Jugend__09-02-2025__007.jpeg 2048w, https:\/\/tg-schierstein.de\/wp-content\/uploads\/2025\/02\/G-Jugend__09-02-2025__007-300x225.jpeg 300w, https:\/\/tg-schierstein.de\/wp-content\/uploads\/2025\/02\/G-Jugend__09-02-2025__007-1024x768.jpeg 1024w, https:\/\/tg-schierstein.de\/wp-content\/uploads\/2025\/02\/G-Jugend__09-02-2025__007-768x576.jpeg 768w, https:\/\/tg-schierstein.de\/wp-content\/uploads\/2025\/02\/G-Jugend__09-02-2025__007-1536x1152.jpeg 1536w, https:\/\/tg-schierstein.de\/wp-content\/uploads\/2025\/02\/G-Jugend__09-02-2025__007-1500x1125.jpeg 1500w, https:\/\/tg-schierstein.de\/wp-content\/uploads\/2025\/02\/G-Jugend__09-02-2025__007-705x529.jpeg 705w\" sizes=\"auto, (max-width: 400px) 100vw, 400px\" \/><\/a> <a href=\"https:\/\/tg-schierstein.de\/wp-content\/uploads\/2025\/02\/G-Jugend__09-02-2025__008.jpeg\"><img loading=\"lazy\" decoding=\"async\" class=\"alignnone wp-image-11056\" src=\"https:\/\/tg-schierstein.de\/wp-content\/uploads\/2025\/02\/G-Jugend__09-02-2025__008.jpeg\" alt=\"\" width=\"400\" height=\"300\" srcset=\"https:\/\/tg-schierstein.de\/wp-content\/uploads\/2025\/02\/G-Jugend__09-02-2025__008.jpeg 1600w, https:\/\/tg-schierstein.de\/wp-content\/uploads\/2025\/02\/G-Jugend__09-02-2025__008-300x225.jpeg 300w, https:\/\/tg-schierstein.de\/wp-content\/uploads\/2025\/02\/G-Jugend__09-02-2025__008-1024x768.jpeg 1024w, https:\/\/tg-schierstein.de\/wp-content\/uploads\/2025\/02\/G-Jugend__09-02-2025__008-768x576.jpeg 768w, https:\/\/tg-schierstein.de\/wp-content\/uploads\/2025\/02\/G-Jugend__09-02-2025__008-1536x1152.jpeg 1536w, https:\/\/tg-schierstein.de\/wp-content\/uploads\/2025\/02\/G-Jugend__09-02-2025__008-1500x1125.jpeg 1500w, https:\/\/tg-schierstein.de\/wp-content\/uploads\/2025\/02\/G-Jugend__09-02-2025__008-705x529.jpeg 705w\" sizes=\"auto, (max-width: 400px) 100vw, 400px\" \/><\/a> <a href=\"https:\/\/tg-schierstein.de\/wp-content\/uploads\/2025\/02\/G-Jugend__09-02-2025__009.jpeg\"><img loading=\"lazy\" decoding=\"async\" class=\"alignnone wp-image-11057\" src=\"https:\/\/tg-schierstein.de\/wp-content\/uploads\/2025\/02\/G-Jugend__09-02-2025__009.jpeg\" alt=\"\" width=\"400\" height=\"300\" srcset=\"https:\/\/tg-schierstein.de\/wp-content\/uploads\/2025\/02\/G-Jugend__09-02-2025__009.jpeg 2048w, https:\/\/tg-schierstein.de\/wp-content\/uploads\/2025\/02\/G-Jugend__09-02-2025__009-300x225.jpeg 300w, https:\/\/tg-schierstein.de\/wp-content\/uploads\/2025\/02\/G-Jugend__09-02-2025__009-1024x768.jpeg 1024w, https:\/\/tg-schierstein.de\/wp-content\/uploads\/2025\/02\/G-Jugend__09-02-2025__009-768x576.jpeg 768w, https:\/\/tg-schierstein.de\/wp-content\/uploads\/2025\/02\/G-Jugend__09-02-2025__009-1536x1152.jpeg 1536w, https:\/\/tg-schierstein.de\/wp-content\/uploads\/2025\/02\/G-Jugend__09-02-2025__009-1500x1125.jpeg 1500w, https:\/\/tg-schierstein.de\/wp-content\/uploads\/2025\/02\/G-Jugend__09-02-2025__009-705x529.jpeg 705w\" sizes=\"auto, (max-width: 400px) 100vw, 400px\" \/><\/a> <a href=\"https:\/\/tg-schierstein.de\/wp-content\/uploads\/2025\/02\/G-Jugend__09-02-2025__010.jpeg\"><img loading=\"lazy\" decoding=\"async\" class=\"alignnone wp-image-11058\" src=\"https:\/\/tg-schierstein.de\/wp-content\/uploads\/2025\/02\/G-Jugend__09-02-2025__010.jpeg\" alt=\"\" width=\"400\" height=\"300\" srcset=\"https:\/\/tg-schierstein.de\/wp-content\/uploads\/2025\/02\/G-Jugend__09-02-2025__010.jpeg 1600w, https:\/\/tg-schierstein.de\/wp-content\/uploads\/2025\/02\/G-Jugend__09-02-2025__010-300x225.jpeg 300w, https:\/\/tg-schierstein.de\/wp-content\/uploads\/2025\/02\/G-Jugend__09-02-2025__010-1024x768.jpeg 1024w, https:\/\/tg-schierstein.de\/wp-content\/uploads\/2025\/02\/G-Jugend__09-02-2025__010-768x576.jpeg 768w, https:\/\/tg-schierstein.de\/wp-content\/uploads\/2025\/02\/G-Jugend__09-02-2025__010-1536x1152.jpeg 1536w, https:\/\/tg-schierstein.de\/wp-content\/uploads\/2025\/02\/G-Jugend__09-02-2025__010-1500x1125.jpeg 1500w, https:\/\/tg-schierstein.de\/wp-content\/uploads\/2025\/02\/G-Jugend__09-02-2025__010-705x529.jpeg 705w\" sizes=\"auto, (max-width: 400px) 100vw, 400px\" \/><\/a> <a href=\"https:\/\/tg-schierstein.de\/wp-content\/uploads\/2025\/02\/G-Jugend__09-02-2025__011.jpeg\"><img loading=\"lazy\" decoding=\"async\" class=\"alignnone wp-image-11059\" src=\"https:\/\/tg-schierstein.de\/wp-content\/uploads\/2025\/02\/G-Jugend__09-02-2025__011.jpeg\" alt=\"\" width=\"533\" height=\"300\" srcset=\"https:\/\/tg-schierstein.de\/wp-content\/uploads\/2025\/02\/G-Jugend__09-02-2025__011.jpeg 1600w, https:\/\/tg-schierstein.de\/wp-content\/uploads\/2025\/02\/G-Jugend__09-02-2025__011-300x169.jpeg 300w, https:\/\/tg-schierstein.de\/wp-content\/uploads\/2025\/02\/G-Jugend__09-02-2025__011-1024x576.jpeg 1024w, https:\/\/tg-schierstein.de\/wp-content\/uploads\/2025\/02\/G-Jugend__09-02-2025__011-768x432.jpeg 768w, https:\/\/tg-schierstein.de\/wp-content\/uploads\/2025\/02\/G-Jugend__09-02-2025__011-1536x864.jpeg 1536w, https:\/\/tg-schierstein.de\/wp-content\/uploads\/2025\/02\/G-Jugend__09-02-2025__011-1500x844.jpeg 1500w, https:\/\/tg-schierstein.de\/wp-content\/uploads\/2025\/02\/G-Jugend__09-02-2025__011-705x397.jpeg 705w\" sizes=\"auto, (max-width: 533px) 100vw, 533px\" \/><\/a> <a href=\"https:\/\/tg-schierstein.de\/wp-content\/uploads\/2025\/02\/G-Jugend__09-02-2025__012.jpeg\"><img loading=\"lazy\" decoding=\"async\" class=\"alignnone wp-image-11060\" src=\"https:\/\/tg-schierstein.de\/wp-content\/uploads\/2025\/02\/G-Jugend__09-02-2025__012.jpeg\" alt=\"\" width=\"400\" height=\"300\" srcset=\"https:\/\/tg-schierstein.de\/wp-content\/uploads\/2025\/02\/G-Jugend__09-02-2025__012.jpeg 1600w, https:\/\/tg-schierstein.de\/wp-content\/uploads\/2025\/02\/G-Jugend__09-02-2025__012-300x225.jpeg 300w, https:\/\/tg-schierstein.de\/wp-content\/uploads\/2025\/02\/G-Jugend__09-02-2025__012-1024x768.jpeg 1024w, https:\/\/tg-schierstein.de\/wp-content\/uploads\/2025\/02\/G-Jugend__09-02-2025__012-768x576.jpeg 768w, https:\/\/tg-schierstein.de\/wp-content\/uploads\/2025\/02\/G-Jugend__09-02-2025__012-1536x1152.jpeg 1536w, https:\/\/tg-schierstein.de\/wp-content\/uploads\/2025\/02\/G-Jugend__09-02-2025__012-1500x1125.jpeg 1500w, https:\/\/tg-schierstein.de\/wp-content\/uploads\/2025\/02\/G-Jugend__09-02-2025__012-705x529.jpeg 705w\" sizes=\"auto, (max-width: 400px) 100vw, 400px\" \/><\/a> <a href=\"https:\/\/tg-schierstein.de\/wp-content\/uploads\/2025\/02\/G-Jugend__09-02-2025__013.jpeg\"><img loading=\"lazy\" decoding=\"async\" class=\"alignnone wp-image-11061\" src=\"https:\/\/tg-schierstein.de\/wp-content\/uploads\/2025\/02\/G-Jugend__09-02-2025__013.jpeg\" alt=\"\" width=\"398\" height=\"300\" srcset=\"https:\/\/tg-schierstein.de\/wp-content\/uploads\/2025\/02\/G-Jugend__09-02-2025__013.jpeg 2040w, https:\/\/tg-schierstein.de\/wp-content\/uploads\/2025\/02\/G-Jugend__09-02-2025__013-300x226.jpeg 300w, https:\/\/tg-schierstein.de\/wp-content\/uploads\/2025\/02\/G-Jugend__09-02-2025__013-1024x771.jpeg 1024w, https:\/\/tg-schierstein.de\/wp-content\/uploads\/2025\/02\/G-Jugend__09-02-2025__013-768x578.jpeg 768w, https:\/\/tg-schierstein.de\/wp-content\/uploads\/2025\/02\/G-Jugend__09-02-2025__013-1536x1157.jpeg 1536w, https:\/\/tg-schierstein.de\/wp-content\/uploads\/2025\/02\/G-Jugend__09-02-2025__013-1500x1129.jpeg 1500w, https:\/\/tg-schierstein.de\/wp-content\/uploads\/2025\/02\/G-Jugend__09-02-2025__013-705x531.jpeg 705w\" sizes=\"auto, (max-width: 398px) 100vw, 398px\" \/><\/a> <a href=\"https:\/\/tg-schierstein.de\/wp-content\/uploads\/2025\/02\/G-Jugend__09-02-2025__014.jpeg\"><img loading=\"lazy\" decoding=\"async\" class=\"alignnone wp-image-11062\" src=\"https:\/\/tg-schierstein.de\/wp-content\/uploads\/2025\/02\/G-Jugend__09-02-2025__014.jpeg\" alt=\"\" width=\"533\" height=\"300\" srcset=\"https:\/\/tg-schierstein.de\/wp-content\/uploads\/2025\/02\/G-Jugend__09-02-2025__014.jpeg 1600w, https:\/\/tg-schierstein.de\/wp-content\/uploads\/2025\/02\/G-Jugend__09-02-2025__014-300x169.jpeg 300w, https:\/\/tg-schierstein.de\/wp-content\/uploads\/2025\/02\/G-Jugend__09-02-2025__014-1024x576.jpeg 1024w, https:\/\/tg-schierstein.de\/wp-content\/uploads\/2025\/02\/G-Jugend__09-02-2025__014-768x432.jpeg 768w, https:\/\/tg-schierstein.de\/wp-content\/uploads\/2025\/02\/G-Jugend__09-02-2025__014-1536x864.jpeg 1536w, https:\/\/tg-schierstein.de\/wp-content\/uploads\/2025\/02\/G-Jugend__09-02-2025__014-1500x844.jpeg 1500w, https:\/\/tg-schierstein.de\/wp-content\/uploads\/2025\/02\/G-Jugend__09-02-2025__014-705x397.jpeg 705w\" sizes=\"auto, (max-width: 533px) 100vw, 533px\" \/><\/a><\/p>\n","protected":false},"excerpt":{"rendered":"<p>Ein Tag voller Spa\u00df und Teamgeist! Am 09. Februar 2025 war es endlich soweit: Unser zweites gro\u00dfes Heim-Spielefest der G-Jugend fand in der Sporthalle Schelmengraben statt! Mit zwei eigenen Teams [&hellip;]<\/p>\n","protected":false},"author":12,"featured_media":11058,"comment_status":"closed","ping_status":"closed","sticky":false,"template":"","format":"standard","meta":{"_acf_changed":false,"footnotes":""},"categories":[25],"tags":[],"class_list":["post-11046","post","type-post","status-publish","format-standard","has-post-thumbnail","hentry","category-handball"],"acf":[],"publishpress_future_action":{"enabled":false,"date":"2026-05-08 11:50:11","action":"change-status","newStatus":"draft","terms":[],"taxonomy":"category","extraData":[]},"publishpress_future_workflow_manual_trigger":{"enabledWorkflows":[]},"_links":{"self":[{"href":"https:\/\/tg-schierstein.de\/index.php?rest_route=\/wp\/v2\/posts\/11046","targetHints":{"allow":["GET"]}}],"collection":[{"href":"https:\/\/tg-schierstein.de\/index.php?rest_route=\/wp\/v2\/posts"}],"about":[{"href":"https:\/\/tg-schierstein.de\/index.php?rest_route=\/wp\/v2\/types\/post"}],"author":[{"embeddable":true,"href":"https:\/\/tg-schierstein.de\/index.php?rest_route=\/wp\/v2\/users\/12"}],"replies":[{"embeddable":true,"href":"https:\/\/tg-schierstein.de\/index.php?rest_route=%2Fwp%2Fv2%2Fcomments&post=11046"}],"version-history":[{"count":3,"href":"https:\/\/tg-schierstein.de\/index.php?rest_route=\/wp\/v2\/posts\/11046\/revisions"}],"predecessor-version":[{"id":11064,"href":"https:\/\/tg-schierstein.de\/index.php?rest_route=\/wp\/v2\/posts\/11046\/revisions\/11064"}],"wp:featuredmedia":[{"embeddable":true,"href":"https:\/\/tg-schierstein.de\/index.php?rest_route=\/wp\/v2\/media\/11058"}],"wp:attachment":[{"href":"https:\/\/tg-schierstein.de\/index.php?rest_route=%2Fwp%2Fv2%2Fmedia&parent=11046"}],"wp:term":[{"taxonomy":"category","embeddable":true,"href":"https:\/\/tg-schierstein.de\/index.php?rest_route=%2Fwp%2Fv2%2Fcategories&post=11046"},{"taxonomy":"post_tag","embeddable":true,"href":"https:\/\/tg-schierstein.de\/index.php?rest_route=%2Fwp%2Fv2%2Ftags&post=11046"}],"curies":[{"name":"wp","href":"https:\/\/api.w.org\/{rel}","templated":true}]}}