{"id":10668,"date":"2024-12-08T13:00:40","date_gmt":"2024-12-08T12:00:40","guid":{"rendered":"https:\/\/tg-schierstein.de\/?p=10668"},"modified":"2024-12-10T14:41:30","modified_gmt":"2024-12-10T13:41:30","slug":"hsg-gemg-spielfest-tv-erbenheim","status":"publish","type":"post","link":"https:\/\/tg-schierstein.de\/?p=10668","title":{"rendered":"HSG-gemG | Spielfest TV Erbenheim"},"content":{"rendered":"<p>Am Sonntag, den 08.12.2024, nahmen wir mit zwei Teams unserer G-Jugend am Spielfest des TV Erbenheim teil \u2013 eine Premiere in der neuen Halle. Es standen insgesamt f\u00fcr jedes Team f\u00fcnf Spiele \u00e0 10 Minuten auf dem Programm.<\/p>\n<p>Die Fortschritte unserer Kinder waren zu erkennen: Besonders in der Abwehr zeigt sich, dass die Zuordnung von Spiel zu Spiel besser wird. Die Kids gaben auf dem Feld alles, zeigten vollen Einsatz und hatten jede Menge Spa\u00df. Der Einsatz ging sogar soweit, dass ein Zahn w\u00e4hrend des Aufw\u00e4rmens endlich raus fiel \u2013 f\u00fcr die junge Spielerin sicher ein Highlight!<\/p>\n<p><strong>Weihnachtsfeier am Vortag<\/strong><\/p>\n<p>Bereits am Samstag feierten wir gemeinsam unsere Weihnachtsfeier in der \u201eWunderkiste\u201c in Bad Schwalbach. Die Kinder tobten ausgelassen und st\u00e4rkten sich anschlie\u00dfend mit 17 Pizzen, die erstaunlich schnell vertilgt wurden. Ein besonderes Highlight war das Fu\u00dfball-Match \u201eTrainer gegen alle Kinder\u201c, bei dem die Kinder ihr K\u00f6nnen und ihren Teamgeist eindrucksvoll zeigten.<\/p>\n<p><strong>Dank und Ausblick<\/strong><\/p>\n<p>Die Unterst\u00fctzung der Eltern ist uns dabei eine gro\u00dfe Hilfe und ein unverzichtbarer R\u00fcckhalt \u2013 daf\u00fcr ein herzliches Dankesch\u00f6n! Am kommenden Freitag findet unser letztes Training im Jahr 2024 statt. Nach den Winterferien starten wir dann wieder voller Energie und Freude in ein neues Jahr. Wir freuen uns darauf, die Kids weiterhin auf ihrem Weg zu begleiten, gemeinsam Erfolge zu feiern und als Team zu wachsen.<\/p>\n<p><strong>Danke f\u00fcr eine gro\u00dfartige Hinrunde und eine tolle Gemeinschaft \u2013 wir w\u00fcnschen allen eine frohe Weihnachtszeit und einen guten Rutsch ins neue Jahr!<\/strong><\/p>\n<p><a href=\"https:\/\/tg-schierstein.de\/wp-content\/uploads\/2024\/12\/gemG_TV_Erbenheim_08-12-2024__01.jpeg\"><img loading=\"lazy\" decoding=\"async\" class=\"alignnone wp-image-10671 size-medium\" src=\"https:\/\/tg-schierstein.de\/wp-content\/uploads\/2024\/12\/gemG_TV_Erbenheim_08-12-2024__01-300x225.jpeg\" alt=\"\" width=\"300\" height=\"225\" srcset=\"https:\/\/tg-schierstein.de\/wp-content\/uploads\/2024\/12\/gemG_TV_Erbenheim_08-12-2024__01-300x225.jpeg 300w, https:\/\/tg-schierstein.de\/wp-content\/uploads\/2024\/12\/gemG_TV_Erbenheim_08-12-2024__01-1024x768.jpeg 1024w, https:\/\/tg-schierstein.de\/wp-content\/uploads\/2024\/12\/gemG_TV_Erbenheim_08-12-2024__01-768x576.jpeg 768w, https:\/\/tg-schierstein.de\/wp-content\/uploads\/2024\/12\/gemG_TV_Erbenheim_08-12-2024__01-1536x1152.jpeg 1536w, https:\/\/tg-schierstein.de\/wp-content\/uploads\/2024\/12\/gemG_TV_Erbenheim_08-12-2024__01-1500x1125.jpeg 1500w, https:\/\/tg-schierstein.de\/wp-content\/uploads\/2024\/12\/gemG_TV_Erbenheim_08-12-2024__01-705x529.jpeg 705w, https:\/\/tg-schierstein.de\/wp-content\/uploads\/2024\/12\/gemG_TV_Erbenheim_08-12-2024__01.jpeg 2048w\" sizes=\"auto, (max-width: 300px) 100vw, 300px\" \/><\/a> <a href=\"https:\/\/tg-schierstein.de\/wp-content\/uploads\/2024\/12\/gemG_TV_Erbenheim_08-12-2024__02.jpeg\"><img loading=\"lazy\" decoding=\"async\" class=\"alignnone wp-image-10672 size-medium\" src=\"https:\/\/tg-schierstein.de\/wp-content\/uploads\/2024\/12\/gemG_TV_Erbenheim_08-12-2024__02-300x225.jpeg\" alt=\"\" width=\"300\" height=\"225\" srcset=\"https:\/\/tg-schierstein.de\/wp-content\/uploads\/2024\/12\/gemG_TV_Erbenheim_08-12-2024__02-300x225.jpeg 300w, https:\/\/tg-schierstein.de\/wp-content\/uploads\/2024\/12\/gemG_TV_Erbenheim_08-12-2024__02-1024x768.jpeg 1024w, https:\/\/tg-schierstein.de\/wp-content\/uploads\/2024\/12\/gemG_TV_Erbenheim_08-12-2024__02-768x576.jpeg 768w, https:\/\/tg-schierstein.de\/wp-content\/uploads\/2024\/12\/gemG_TV_Erbenheim_08-12-2024__02-1536x1152.jpeg 1536w, https:\/\/tg-schierstein.de\/wp-content\/uploads\/2024\/12\/gemG_TV_Erbenheim_08-12-2024__02-1500x1125.jpeg 1500w, https:\/\/tg-schierstein.de\/wp-content\/uploads\/2024\/12\/gemG_TV_Erbenheim_08-12-2024__02-705x529.jpeg 705w, https:\/\/tg-schierstein.de\/wp-content\/uploads\/2024\/12\/gemG_TV_Erbenheim_08-12-2024__02.jpeg 2048w\" sizes=\"auto, (max-width: 300px) 100vw, 300px\" \/><\/a> <a href=\"https:\/\/tg-schierstein.de\/wp-content\/uploads\/2024\/12\/gemG_TV_Erbenheim_08-12-2024__03.jpeg\"><img loading=\"lazy\" decoding=\"async\" class=\"alignnone wp-image-10673 size-medium\" src=\"https:\/\/tg-schierstein.de\/wp-content\/uploads\/2024\/12\/gemG_TV_Erbenheim_08-12-2024__03-300x225.jpeg\" alt=\"\" width=\"300\" height=\"225\" srcset=\"https:\/\/tg-schierstein.de\/wp-content\/uploads\/2024\/12\/gemG_TV_Erbenheim_08-12-2024__03-300x225.jpeg 300w, https:\/\/tg-schierstein.de\/wp-content\/uploads\/2024\/12\/gemG_TV_Erbenheim_08-12-2024__03-1024x768.jpeg 1024w, https:\/\/tg-schierstein.de\/wp-content\/uploads\/2024\/12\/gemG_TV_Erbenheim_08-12-2024__03-768x576.jpeg 768w, https:\/\/tg-schierstein.de\/wp-content\/uploads\/2024\/12\/gemG_TV_Erbenheim_08-12-2024__03-1536x1152.jpeg 1536w, https:\/\/tg-schierstein.de\/wp-content\/uploads\/2024\/12\/gemG_TV_Erbenheim_08-12-2024__03-1500x1125.jpeg 1500w, https:\/\/tg-schierstein.de\/wp-content\/uploads\/2024\/12\/gemG_TV_Erbenheim_08-12-2024__03-705x529.jpeg 705w, https:\/\/tg-schierstein.de\/wp-content\/uploads\/2024\/12\/gemG_TV_Erbenheim_08-12-2024__03.jpeg 2048w\" sizes=\"auto, (max-width: 300px) 100vw, 300px\" \/><\/a> <a href=\"https:\/\/tg-schierstein.de\/wp-content\/uploads\/2024\/12\/gemG_TV_Erbenheim_08-12-2024__04.jpeg\"><img loading=\"lazy\" decoding=\"async\" class=\"alignnone wp-image-10674 size-medium\" src=\"https:\/\/tg-schierstein.de\/wp-content\/uploads\/2024\/12\/gemG_TV_Erbenheim_08-12-2024__04-300x225.jpeg\" alt=\"\" width=\"300\" height=\"225\" srcset=\"https:\/\/tg-schierstein.de\/wp-content\/uploads\/2024\/12\/gemG_TV_Erbenheim_08-12-2024__04-300x225.jpeg 300w, https:\/\/tg-schierstein.de\/wp-content\/uploads\/2024\/12\/gemG_TV_Erbenheim_08-12-2024__04-1024x768.jpeg 1024w, https:\/\/tg-schierstein.de\/wp-content\/uploads\/2024\/12\/gemG_TV_Erbenheim_08-12-2024__04-768x576.jpeg 768w, https:\/\/tg-schierstein.de\/wp-content\/uploads\/2024\/12\/gemG_TV_Erbenheim_08-12-2024__04-1536x1152.jpeg 1536w, https:\/\/tg-schierstein.de\/wp-content\/uploads\/2024\/12\/gemG_TV_Erbenheim_08-12-2024__04-1500x1125.jpeg 1500w, https:\/\/tg-schierstein.de\/wp-content\/uploads\/2024\/12\/gemG_TV_Erbenheim_08-12-2024__04-705x529.jpeg 705w, https:\/\/tg-schierstein.de\/wp-content\/uploads\/2024\/12\/gemG_TV_Erbenheim_08-12-2024__04.jpeg 2048w\" sizes=\"auto, (max-width: 300px) 100vw, 300px\" \/><\/a><\/p>\n","protected":false},"excerpt":{"rendered":"<p>Am Sonntag, den 08.12.2024, nahmen wir mit zwei Teams unserer G-Jugend am Spielfest des TV Erbenheim teil \u2013 eine Premiere in der neuen Halle. Es standen insgesamt f\u00fcr jedes Team [&hellip;]<\/p>\n","protected":false},"author":12,"featured_media":10671,"comment_status":"closed","ping_status":"closed","sticky":false,"template":"","format":"standard","meta":{"_acf_changed":false,"footnotes":""},"categories":[25],"tags":[],"class_list":["post-10668","post","type-post","status-publish","format-standard","has-post-thumbnail","hentry","category-handball"],"acf":[],"publishpress_future_action":{"enabled":false,"date":"2026-05-06 20:57:42","action":"change-status","newStatus":"draft","terms":[],"taxonomy":"category","extraData":[]},"publishpress_future_workflow_manual_trigger":{"enabledWorkflows":[]},"_links":{"self":[{"href":"https:\/\/tg-schierstein.de\/index.php?rest_route=\/wp\/v2\/posts\/10668","targetHints":{"allow":["GET"]}}],"collection":[{"href":"https:\/\/tg-schierstein.de\/index.php?rest_route=\/wp\/v2\/posts"}],"about":[{"href":"https:\/\/tg-schierstein.de\/index.php?rest_route=\/wp\/v2\/types\/post"}],"author":[{"embeddable":true,"href":"https:\/\/tg-schierstein.de\/index.php?rest_route=\/wp\/v2\/users\/12"}],"replies":[{"embeddable":true,"href":"https:\/\/tg-schierstein.de\/index.php?rest_route=%2Fwp%2Fv2%2Fcomments&post=10668"}],"version-history":[{"count":3,"href":"https:\/\/tg-schierstein.de\/index.php?rest_route=\/wp\/v2\/posts\/10668\/revisions"}],"predecessor-version":[{"id":10675,"href":"https:\/\/tg-schierstein.de\/index.php?rest_route=\/wp\/v2\/posts\/10668\/revisions\/10675"}],"wp:featuredmedia":[{"embeddable":true,"href":"https:\/\/tg-schierstein.de\/index.php?rest_route=\/wp\/v2\/media\/10671"}],"wp:attachment":[{"href":"https:\/\/tg-schierstein.de\/index.php?rest_route=%2Fwp%2Fv2%2Fmedia&parent=10668"}],"wp:term":[{"taxonomy":"category","embeddable":true,"href":"https:\/\/tg-schierstein.de\/index.php?rest_route=%2Fwp%2Fv2%2Fcategories&post=10668"},{"taxonomy":"post_tag","embeddable":true,"href":"https:\/\/tg-schierstein.de\/index.php?rest_route=%2Fwp%2Fv2%2Ftags&post=10668"}],"curies":[{"name":"wp","href":"https:\/\/api.w.org\/{rel}","templated":true}]}}