{"id":10375,"date":"2024-10-27T17:00:03","date_gmt":"2024-10-27T16:00:03","guid":{"rendered":"https:\/\/tg-schierstein.de\/?p=10375"},"modified":"2024-10-28T20:46:23","modified_gmt":"2024-10-28T19:46:23","slug":"hsg-m3-hsg-1848-tv-idstein-ii-2821-1613","status":"publish","type":"post","link":"https:\/\/tg-schierstein.de\/?p=10375","title":{"rendered":"HSG-M3 | HSG 1848 &#8211; TV Idstein II  28:21 (16:13)"},"content":{"rendered":"<p>Am vergangenen Sonntag stand das Heimspiel der HSG Dotzheim\/Schierstein III gegen den TV Idstein II in der Sporthalle Schelmengraben an. Trotz der krankheitsbedingten Ausf\u00e4lle unserer beiden Stammtorh\u00fcter konnten wir uns auf starke Unterst\u00fctzung aus der vierten Mannschaft verlassen: Christian Conradi erkl\u00e4rte sich bereit, f\u00fcr die vollen 60 Minuten das Tor zu h\u00fcten. Mit seinen wichtigen Paraden und seiner Ruhe in der Abwehr spielte er eine entscheidende Rolle f\u00fcr unseren 28:21-Sieg und gab dem Team die n\u00f6tige Stabilit\u00e4t in der Defensive.<\/p>\n<p>Als Favorit ins Spiel gegangen, zeigte unser Team von Anfang an eine solide Leistung, auch wenn wir in beiden Halbzeiten einige kurze Schw\u00e4chephasen zu \u00fcberstehen hatten. Die junge Mannschaft von Idstein, verst\u00e4rkt durch Spieler der A-Jugend, k\u00e4mpfte tapfer, konnte aber unserer Erfahrung und Spielqualit\u00e4t letztlich nicht standhalten.<\/p>\n<p>Schon in der ersten Halbzeit gelang es uns, uns dank einer starken Abwehrleistung und der Treffsicherheit von Spielern wie Jan K\u00fcnzl und Felix Sommer leicht abzusetzen. Trotz einiger vergebener Chancen und kleineren Durchh\u00e4ngern, in denen der Gegner wieder herankam, stand zur Halbzeit eine 16:13-F\u00fchrung auf der Anzeigetafel.<\/p>\n<p>In der zweiten Halbzeit konnten wir unsere F\u00fchrung weiter ausbauen. Durch ein variantenreiches Angriffsspiel und dank weiterer Glanzparaden von Christian Conradi im Tor wuchs der Vorsprung kontinuierlich. Spieler wie Carsten Kremer und Lukas Bretz zeigten sich in den entscheidenden Momenten treffsicher und sorgten daf\u00fcr, dass Idstein keine Chance hatte, das Spiel noch zu drehen.<\/p>\n<p>Am Ende stand ein verdienter 28:21-Sieg auf dem Konto der HSG Dotzheim\/Schierstein III. Ein gro\u00dfes Dankesch\u00f6n geht an Christian Conradi, der sich nahtlos ins Team eingef\u00fcgt und durch seine herausragenden Paraden ma\u00dfgeblich zum Erfolg beigetragen hat. Mit diesem Sieg setzen wir uns weiter in der Spitzengruppe der Liga fest und gehen gest\u00e4rkt in die kommenden Begegnungen.<\/p>\n<p><span style=\"text-decoration: underline;\">Es spielten:<\/span><br \/>\nChristian Conradi (Tor mit Quote 26\/47), Adrian Dietz (2 Tore), Sebastian H\u00e4user, Jan K\u00fcnzl (6 Tore), Ben Schaub (2 Tore), Daniel Frohn, Carsten Kremer (4 Tore, 2\/3 7-Meter), Lukas Bretz (4 Tore), Felix Sommer (6 Tore), Julian Hutfle\u00df (2 Tore), Leonard Wolf, Maximilian Teuner (1 Tor), Sven Sch\u00e4fer (1 Tor)<\/p>\n<p><img loading=\"lazy\" decoding=\"async\" class=\"size-large wp-image-10376 alignnone\" src=\"https:\/\/tg-schierstein.de\/wp-content\/uploads\/2024\/10\/M3-Siegerfoto__27-10-2024-1024x576.jpeg\" alt=\"\" width=\"1024\" height=\"576\" srcset=\"https:\/\/tg-schierstein.de\/wp-content\/uploads\/2024\/10\/M3-Siegerfoto__27-10-2024-1024x576.jpeg 1024w, https:\/\/tg-schierstein.de\/wp-content\/uploads\/2024\/10\/M3-Siegerfoto__27-10-2024-300x169.jpeg 300w, https:\/\/tg-schierstein.de\/wp-content\/uploads\/2024\/10\/M3-Siegerfoto__27-10-2024-768x432.jpeg 768w, https:\/\/tg-schierstein.de\/wp-content\/uploads\/2024\/10\/M3-Siegerfoto__27-10-2024-1536x864.jpeg 1536w, https:\/\/tg-schierstein.de\/wp-content\/uploads\/2024\/10\/M3-Siegerfoto__27-10-2024-1500x844.jpeg 1500w, https:\/\/tg-schierstein.de\/wp-content\/uploads\/2024\/10\/M3-Siegerfoto__27-10-2024-705x397.jpeg 705w, https:\/\/tg-schierstein.de\/wp-content\/uploads\/2024\/10\/M3-Siegerfoto__27-10-2024.jpeg 1600w\" sizes=\"auto, (max-width: 1024px) 100vw, 1024px\" \/><\/p>\n","protected":false},"excerpt":{"rendered":"<p>Am vergangenen Sonntag stand das Heimspiel der HSG Dotzheim\/Schierstein III gegen den TV Idstein II in der Sporthalle Schelmengraben an. Trotz der krankheitsbedingten Ausf\u00e4lle unserer beiden Stammtorh\u00fcter konnten wir uns [&hellip;]<\/p>\n","protected":false},"author":1,"featured_media":10376,"comment_status":"closed","ping_status":"closed","sticky":false,"template":"","format":"standard","meta":{"_acf_changed":false,"footnotes":""},"categories":[25],"tags":[],"class_list":["post-10375","post","type-post","status-publish","format-standard","has-post-thumbnail","hentry","category-handball"],"acf":[],"publishpress_future_action":{"enabled":false,"date":"2026-05-07 00:52:27","action":"change-status","newStatus":"draft","terms":[],"taxonomy":"category","extraData":[]},"publishpress_future_workflow_manual_trigger":{"enabledWorkflows":[]},"_links":{"self":[{"href":"https:\/\/tg-schierstein.de\/index.php?rest_route=\/wp\/v2\/posts\/10375","targetHints":{"allow":["GET"]}}],"collection":[{"href":"https:\/\/tg-schierstein.de\/index.php?rest_route=\/wp\/v2\/posts"}],"about":[{"href":"https:\/\/tg-schierstein.de\/index.php?rest_route=\/wp\/v2\/types\/post"}],"author":[{"embeddable":true,"href":"https:\/\/tg-schierstein.de\/index.php?rest_route=\/wp\/v2\/users\/1"}],"replies":[{"embeddable":true,"href":"https:\/\/tg-schierstein.de\/index.php?rest_route=%2Fwp%2Fv2%2Fcomments&post=10375"}],"version-history":[{"count":4,"href":"https:\/\/tg-schierstein.de\/index.php?rest_route=\/wp\/v2\/posts\/10375\/revisions"}],"predecessor-version":[{"id":10378,"href":"https:\/\/tg-schierstein.de\/index.php?rest_route=\/wp\/v2\/posts\/10375\/revisions\/10378"}],"wp:featuredmedia":[{"embeddable":true,"href":"https:\/\/tg-schierstein.de\/index.php?rest_route=\/wp\/v2\/media\/10376"}],"wp:attachment":[{"href":"https:\/\/tg-schierstein.de\/index.php?rest_route=%2Fwp%2Fv2%2Fmedia&parent=10375"}],"wp:term":[{"taxonomy":"category","embeddable":true,"href":"https:\/\/tg-schierstein.de\/index.php?rest_route=%2Fwp%2Fv2%2Fcategories&post=10375"},{"taxonomy":"post_tag","embeddable":true,"href":"https:\/\/tg-schierstein.de\/index.php?rest_route=%2Fwp%2Fv2%2Ftags&post=10375"}],"curies":[{"name":"wp","href":"https:\/\/api.w.org\/{rel}","templated":true}]}}