{"id":10262,"date":"2024-10-05T13:30:05","date_gmt":"2024-10-05T11:30:05","guid":{"rendered":"https:\/\/tg-schierstein.de\/?p=10262"},"modified":"2024-10-07T21:41:54","modified_gmt":"2024-10-07T19:41:54","slug":"hsg-mb2-hsg-1848-hsg-breckenheim-wallau-massenheim-3930-1912","status":"publish","type":"post","link":"https:\/\/tg-schierstein.de\/?p=10262","title":{"rendered":"HSG-mB2 | HSG 1848 \u2013 HSG Breckenheim\/Wallau Massenheim 39:30 (19:12)"},"content":{"rendered":"<p><strong>Reife Leistung<\/strong><\/p>\n<p>Die B2 ist weiterhin voll im Rennen um die Spitzenpl\u00e4tze der Liga und geht nun mit Vorfreude auf das absolute Spitzenspiel am 9.11. in Langenhain gegen die B-Jugend aus Eppla in eine vierw\u00f6chige Spielpause.<\/p>\n<p>Im Spiel gegen die HSG Breckenheim\/Wallau Massenheim brauchten unsere Jungs 10 Minuten, um sich auf das Spiel der G\u00e4ste einzustellen. Von da an lief das B\u00e4llchen gut und die Deckung wurde griffiger. Von 5:5 ging es auf 11:5 und beim 19:12 wurden die Seiten gewechselt.<\/p>\n<p>Auch in H\u00e4lfte Zwei ein \u00e4hnliches Bild: zun\u00e4chst ein ausgeglichenes Spiel, doch wir dr\u00fcckten weiter aufs Gaspedal und bauten die F\u00fchrung weiter aus. \u00dcber 27:20 erspielten wir einen \u00fcberzeugenden 39:30 Heimsieg.<\/p>\n<p>Vor allem im Angriff war das eine reife Leistung gegen eine defensive 6:0 Deckung. Hier fanden die Mannen um den klug Regie f\u00fchrenden Philipp Klimek immer gute L\u00f6sungen. Auch das Tempospiel war stark. Zulegen kann das Team in der Abwehr- und Torwartleistung. Beides bedingt sich und muss daher auch immer gepaart bewertet werden. Hier geht noch mehr!<\/p>\n<p><span style=\"text-decoration: underline;\">F\u00fcr die HSG B2 spielten:<\/span><br \/>\nBr\u00e4ckow, M\u00fchling, Fauth 1, Blumenthal 2, Goeke 2, Demel, Klimek 7, Mallmann 1\/1, Brinker 5, G\u00fcl, Weidt 11, Debus 1, El Mariani 9<\/p>\n<p><img loading=\"lazy\" decoding=\"async\" class=\"size-large wp-image-10267 aligncenter\" src=\"https:\/\/tg-schierstein.de\/wp-content\/uploads\/2024\/10\/B2-Jugend__05-10-2024-768x1024.jpeg\" alt=\"\" width=\"768\" height=\"1024\" srcset=\"https:\/\/tg-schierstein.de\/wp-content\/uploads\/2024\/10\/B2-Jugend__05-10-2024-768x1024.jpeg 768w, https:\/\/tg-schierstein.de\/wp-content\/uploads\/2024\/10\/B2-Jugend__05-10-2024-225x300.jpeg 225w, https:\/\/tg-schierstein.de\/wp-content\/uploads\/2024\/10\/B2-Jugend__05-10-2024-1152x1536.jpeg 1152w, https:\/\/tg-schierstein.de\/wp-content\/uploads\/2024\/10\/B2-Jugend__05-10-2024-1125x1500.jpeg 1125w, https:\/\/tg-schierstein.de\/wp-content\/uploads\/2024\/10\/B2-Jugend__05-10-2024-529x705.jpeg 529w, https:\/\/tg-schierstein.de\/wp-content\/uploads\/2024\/10\/B2-Jugend__05-10-2024.jpeg 1200w\" sizes=\"auto, (max-width: 768px) 100vw, 768px\" \/><\/p>\n","protected":false},"excerpt":{"rendered":"<p>Reife Leistung Die B2 ist weiterhin voll im Rennen um die Spitzenpl\u00e4tze der Liga und geht nun mit Vorfreude auf das absolute Spitzenspiel am 9.11. in Langenhain gegen die B-Jugend [&hellip;]<\/p>\n","protected":false},"author":4,"featured_media":9975,"comment_status":"closed","ping_status":"closed","sticky":false,"template":"","format":"standard","meta":{"_acf_changed":false,"footnotes":""},"categories":[25],"tags":[],"class_list":["post-10262","post","type-post","status-publish","format-standard","has-post-thumbnail","hentry","category-handball"],"acf":[],"publishpress_future_action":{"enabled":false,"date":"2026-05-06 20:56:51","action":"change-status","newStatus":"draft","terms":[],"taxonomy":"category","extraData":[]},"publishpress_future_workflow_manual_trigger":{"enabledWorkflows":[]},"_links":{"self":[{"href":"https:\/\/tg-schierstein.de\/index.php?rest_route=\/wp\/v2\/posts\/10262","targetHints":{"allow":["GET"]}}],"collection":[{"href":"https:\/\/tg-schierstein.de\/index.php?rest_route=\/wp\/v2\/posts"}],"about":[{"href":"https:\/\/tg-schierstein.de\/index.php?rest_route=\/wp\/v2\/types\/post"}],"author":[{"embeddable":true,"href":"https:\/\/tg-schierstein.de\/index.php?rest_route=\/wp\/v2\/users\/4"}],"replies":[{"embeddable":true,"href":"https:\/\/tg-schierstein.de\/index.php?rest_route=%2Fwp%2Fv2%2Fcomments&post=10262"}],"version-history":[{"count":3,"href":"https:\/\/tg-schierstein.de\/index.php?rest_route=\/wp\/v2\/posts\/10262\/revisions"}],"predecessor-version":[{"id":10268,"href":"https:\/\/tg-schierstein.de\/index.php?rest_route=\/wp\/v2\/posts\/10262\/revisions\/10268"}],"wp:featuredmedia":[{"embeddable":true,"href":"https:\/\/tg-schierstein.de\/index.php?rest_route=\/wp\/v2\/media\/9975"}],"wp:attachment":[{"href":"https:\/\/tg-schierstein.de\/index.php?rest_route=%2Fwp%2Fv2%2Fmedia&parent=10262"}],"wp:term":[{"taxonomy":"category","embeddable":true,"href":"https:\/\/tg-schierstein.de\/index.php?rest_route=%2Fwp%2Fv2%2Fcategories&post=10262"},{"taxonomy":"post_tag","embeddable":true,"href":"https:\/\/tg-schierstein.de\/index.php?rest_route=%2Fwp%2Fv2%2Ftags&post=10262"}],"curies":[{"name":"wp","href":"https:\/\/api.w.org\/{rel}","templated":true}]}}