{"id":10059,"date":"2024-09-21T15:15:36","date_gmt":"2024-09-21T13:15:36","guid":{"rendered":"https:\/\/tg-schierstein.de\/?p=10059"},"modified":"2024-10-06T21:17:44","modified_gmt":"2024-10-06T19:17:44","slug":"hsg-mc3-sg-1848-tsg-oberursel-iii-2618-1313","status":"publish","type":"post","link":"https:\/\/tg-schierstein.de\/?p=10059","title":{"rendered":"HSG-mC3 | HSG 1848 &#8211; TSG Oberursel III 26:18 (13:13)"},"content":{"rendered":"<p><strong>Der Saisonauftakt f\u00fcr die C3 ist gegl\u00fcckt und macht Mut f\u00fcr die Saison.<\/strong><\/p>\n<p>Acht Spieler aus dem Kader, der k\u00fcnftig 10 Spieler umfasst, wurden von vier Spielern der C2 unterst\u00fctzt.<\/p>\n<p>Zu Beginn spielte der Gegner frech auf und insbesondere ein Spieler ragte beim Gegner heraus (12 Tore). Dadurch lag unser Team lange Zeit zur\u00fcck, schaffte jedoch schon zur Halbzeit das Unentschieden.<\/p>\n<p>In der zweiten Halbzeit warf Robert ein Blitztor direkt nach dem Anpfiff. Anschlie\u00dfend fielen nur sehr wenige Treffer, weil sich die Abwehrreihen aufeinander eingestellt hatten. Dann zeigte sich das gute Training: unsere Jungs hatten mehr Kondition und Kraft als Oberursel und setzen diese Kraft in einem \u201eLauf\u201c um. Von 17:16 stellten sie in kurzer Zeit auf 23:16.<\/p>\n<p>Das war die Basis f\u00fcr einen sch\u00f6nen Auftaktsieg, bei dem alle Spieler ihren Beitrag leisteten.<\/p>\n<p>Hervorzuheben ist Leon, der bei wenig Fehlw\u00fcrfen 11 Treffer beisteuerte. Lenn hat auf der f\u00fcr ihn ungewohnten Mitte bis zu seiner Verletzung gut agiert. Gute Besserung!<\/p>\n<p><span style=\"text-decoration: underline;\">Heute waren im Team:<\/span><br \/>\nMaximilian, Lenn, Til, Fridolin (3), Lennart (2), Finn (5), Leon (11), Noah (2), Henrik (2), Jan, Johannes, Robert (1)<br \/>\nCoach: Ulli und Manuel<\/p>\n<p>Danke an die Eltern, die sehr engangiert dabei waren. Dank an Marc, der uns die Hallenuhr-Einstellung gut erkl\u00e4rt hat und an Matze Kr\u00f6ck, der als Pate der 4. Mannschaft souver\u00e4ne Schiri-Leistung ablieferte.<\/p>\n","protected":false},"excerpt":{"rendered":"<p>Der Saisonauftakt f\u00fcr die C3 ist gegl\u00fcckt und macht Mut f\u00fcr die Saison. Acht Spieler aus dem Kader, der k\u00fcnftig 10 Spieler umfasst, wurden von vier Spielern der C2 unterst\u00fctzt. [&hellip;]<\/p>\n","protected":false},"author":1,"featured_media":10150,"comment_status":"closed","ping_status":"closed","sticky":false,"template":"","format":"standard","meta":{"_acf_changed":false,"footnotes":""},"categories":[25],"tags":[],"class_list":["post-10059","post","type-post","status-publish","format-standard","has-post-thumbnail","hentry","category-handball"],"acf":[],"publishpress_future_action":{"enabled":false,"date":"2026-05-10 10:46:57","action":"change-status","newStatus":"draft","terms":[],"taxonomy":"category","extraData":[]},"publishpress_future_workflow_manual_trigger":{"enabledWorkflows":[]},"_links":{"self":[{"href":"https:\/\/tg-schierstein.de\/index.php?rest_route=\/wp\/v2\/posts\/10059","targetHints":{"allow":["GET"]}}],"collection":[{"href":"https:\/\/tg-schierstein.de\/index.php?rest_route=\/wp\/v2\/posts"}],"about":[{"href":"https:\/\/tg-schierstein.de\/index.php?rest_route=\/wp\/v2\/types\/post"}],"author":[{"embeddable":true,"href":"https:\/\/tg-schierstein.de\/index.php?rest_route=\/wp\/v2\/users\/1"}],"replies":[{"embeddable":true,"href":"https:\/\/tg-schierstein.de\/index.php?rest_route=%2Fwp%2Fv2%2Fcomments&post=10059"}],"version-history":[{"count":3,"href":"https:\/\/tg-schierstein.de\/index.php?rest_route=\/wp\/v2\/posts\/10059\/revisions"}],"predecessor-version":[{"id":10228,"href":"https:\/\/tg-schierstein.de\/index.php?rest_route=\/wp\/v2\/posts\/10059\/revisions\/10228"}],"wp:featuredmedia":[{"embeddable":true,"href":"https:\/\/tg-schierstein.de\/index.php?rest_route=\/wp\/v2\/media\/10150"}],"wp:attachment":[{"href":"https:\/\/tg-schierstein.de\/index.php?rest_route=%2Fwp%2Fv2%2Fmedia&parent=10059"}],"wp:term":[{"taxonomy":"category","embeddable":true,"href":"https:\/\/tg-schierstein.de\/index.php?rest_route=%2Fwp%2Fv2%2Fcategories&post=10059"},{"taxonomy":"post_tag","embeddable":true,"href":"https:\/\/tg-schierstein.de\/index.php?rest_route=%2Fwp%2Fv2%2Ftags&post=10059"}],"curies":[{"name":"wp","href":"https:\/\/api.w.org\/{rel}","templated":true}]}}