{"id":10045,"date":"2024-09-15T20:00:16","date_gmt":"2024-09-15T18:00:16","guid":{"rendered":"https:\/\/tg-schierstein.de\/?p=10045"},"modified":"2024-09-23T14:28:31","modified_gmt":"2024-09-23T12:28:31","slug":"wandern-diesmal-ging-es-nach-kloppenheim","status":"publish","type":"post","link":"https:\/\/tg-schierstein.de\/?p=10045","title":{"rendered":"Wandern | Diesmal ging es nach Kloppenheim"},"content":{"rendered":"<p>Wir waren wieder wandern am Sonntag, den 15. September 2024. Unsere 3. Wanderung in diesem Jahr ging nach Wiesbaden Kloppenheim.<\/p>\n<p>Wir starteten per Bus um 9:30 Uhr in Schierstein und los ging es nach Ankunft in Kloppenheim gegen 10:30 Uhr. Bei sonnigem Wetter, aber fischen Temperaturen marschierten wir durch eine wirklich sehr sch\u00f6ne Gegend \u00fcber He\u00dfloch und Auringen durch Wiesen, einen urspr\u00fcnglichen Kastanienwald, vorbei an vielen Obstb\u00e4umen, grasenden Pferden und K\u00fchen.<\/p>\n<p>Nach einer Rast an einem sch\u00f6nen Pl\u00e4tzchen mit leckerer Brotzeit und traditionellem Lik\u00f6r wanderten wir entlang eines Bachlaufes zur Hockenberger M\u00fchle.<\/p>\n<p>Hier wurden wir sehr gut verk\u00f6stig. Nach ausgiebiger Pause ging es zur\u00fcck nach Kloppenheim und wir fuhren gemeinsam mit dem Bus zur\u00fcck nach Schierstein. Wir waren wieder eine tolle, lustige Truppe und hatten einen wirklich sch\u00f6nen Tag.<\/p>\n<p>Unsere n\u00e4chste Wanderung ist im Dezember.<\/p>\n<p><a href=\"https:\/\/tg-schierstein.de\/wp-content\/uploads\/2024\/09\/Wandern__15-09-2024__001.jpeg\"><img loading=\"lazy\" decoding=\"async\" class=\"alignnone wp-image-10037 size-portfolio\" src=\"https:\/\/tg-schierstein.de\/wp-content\/uploads\/2024\/09\/Wandern__15-09-2024__001-495x400.jpeg\" alt=\"\" width=\"495\" height=\"400\" srcset=\"https:\/\/tg-schierstein.de\/wp-content\/uploads\/2024\/09\/Wandern__15-09-2024__001-495x400.jpeg 495w, https:\/\/tg-schierstein.de\/wp-content\/uploads\/2024\/09\/Wandern__15-09-2024__001-845x684.jpeg 845w\" sizes=\"auto, (max-width: 495px) 100vw, 495px\" \/><\/a> <a href=\"https:\/\/tg-schierstein.de\/wp-content\/uploads\/2024\/09\/Wandern__15-09-2024__008.jpeg\"><img loading=\"lazy\" decoding=\"async\" class=\"alignnone wp-image-10044 size-portfolio\" src=\"https:\/\/tg-schierstein.de\/wp-content\/uploads\/2024\/09\/Wandern__15-09-2024__008-495x400.jpeg\" alt=\"\" width=\"495\" height=\"400\" srcset=\"https:\/\/tg-schierstein.de\/wp-content\/uploads\/2024\/09\/Wandern__15-09-2024__008-495x400.jpeg 495w, https:\/\/tg-schierstein.de\/wp-content\/uploads\/2024\/09\/Wandern__15-09-2024__008-845x684.jpeg 845w\" sizes=\"auto, (max-width: 495px) 100vw, 495px\" \/><\/a> <a href=\"https:\/\/tg-schierstein.de\/wp-content\/uploads\/2024\/09\/Wandern__15-09-2024__007.jpeg\"><img loading=\"lazy\" decoding=\"async\" class=\"alignnone wp-image-10043 size-portfolio\" src=\"https:\/\/tg-schierstein.de\/wp-content\/uploads\/2024\/09\/Wandern__15-09-2024__007-495x400.jpeg\" alt=\"\" width=\"495\" height=\"400\" srcset=\"https:\/\/tg-schierstein.de\/wp-content\/uploads\/2024\/09\/Wandern__15-09-2024__007-495x400.jpeg 495w, https:\/\/tg-schierstein.de\/wp-content\/uploads\/2024\/09\/Wandern__15-09-2024__007-845x684.jpeg 845w\" sizes=\"auto, (max-width: 495px) 100vw, 495px\" \/><\/a> <a href=\"https:\/\/tg-schierstein.de\/wp-content\/uploads\/2024\/09\/Wandern__15-09-2024__006.jpeg\"><img loading=\"lazy\" decoding=\"async\" class=\"alignnone wp-image-10042 size-portfolio\" src=\"https:\/\/tg-schierstein.de\/wp-content\/uploads\/2024\/09\/Wandern__15-09-2024__006-495x400.jpeg\" alt=\"\" width=\"495\" height=\"400\" srcset=\"https:\/\/tg-schierstein.de\/wp-content\/uploads\/2024\/09\/Wandern__15-09-2024__006-495x400.jpeg 495w, https:\/\/tg-schierstein.de\/wp-content\/uploads\/2024\/09\/Wandern__15-09-2024__006-845x684.jpeg 845w\" sizes=\"auto, (max-width: 495px) 100vw, 495px\" \/><\/a> <a href=\"https:\/\/tg-schierstein.de\/wp-content\/uploads\/2024\/09\/Wandern__15-09-2024__005.jpeg\"><img loading=\"lazy\" decoding=\"async\" class=\"alignnone wp-image-10041 size-portfolio\" src=\"https:\/\/tg-schierstein.de\/wp-content\/uploads\/2024\/09\/Wandern__15-09-2024__005-495x400.jpeg\" alt=\"\" width=\"495\" height=\"400\" srcset=\"https:\/\/tg-schierstein.de\/wp-content\/uploads\/2024\/09\/Wandern__15-09-2024__005-495x400.jpeg 495w, https:\/\/tg-schierstein.de\/wp-content\/uploads\/2024\/09\/Wandern__15-09-2024__005-845x684.jpeg 845w\" sizes=\"auto, (max-width: 495px) 100vw, 495px\" \/><\/a> <a href=\"https:\/\/tg-schierstein.de\/wp-content\/uploads\/2024\/09\/Wandern__15-09-2024__004.jpeg\"><img loading=\"lazy\" decoding=\"async\" class=\"alignnone wp-image-10040 size-portfolio\" src=\"https:\/\/tg-schierstein.de\/wp-content\/uploads\/2024\/09\/Wandern__15-09-2024__004-495x400.jpeg\" alt=\"\" width=\"495\" height=\"400\" srcset=\"https:\/\/tg-schierstein.de\/wp-content\/uploads\/2024\/09\/Wandern__15-09-2024__004-495x400.jpeg 495w, https:\/\/tg-schierstein.de\/wp-content\/uploads\/2024\/09\/Wandern__15-09-2024__004-845x684.jpeg 845w\" sizes=\"auto, (max-width: 495px) 100vw, 495px\" \/><\/a> <a href=\"https:\/\/tg-schierstein.de\/wp-content\/uploads\/2024\/09\/Wandern__15-09-2024__003.jpeg\"><img loading=\"lazy\" decoding=\"async\" class=\"alignnone wp-image-10039 size-portfolio\" src=\"https:\/\/tg-schierstein.de\/wp-content\/uploads\/2024\/09\/Wandern__15-09-2024__003-495x400.jpeg\" alt=\"\" width=\"495\" height=\"400\" srcset=\"https:\/\/tg-schierstein.de\/wp-content\/uploads\/2024\/09\/Wandern__15-09-2024__003-495x400.jpeg 495w, https:\/\/tg-schierstein.de\/wp-content\/uploads\/2024\/09\/Wandern__15-09-2024__003-844x684.jpeg 844w\" sizes=\"auto, (max-width: 495px) 100vw, 495px\" \/><\/a> <a href=\"https:\/\/tg-schierstein.de\/wp-content\/uploads\/2024\/09\/Wandern__15-09-2024__002.jpeg\"><img loading=\"lazy\" decoding=\"async\" class=\"alignnone wp-image-10038 size-portfolio\" src=\"https:\/\/tg-schierstein.de\/wp-content\/uploads\/2024\/09\/Wandern__15-09-2024__002-495x400.jpeg\" alt=\"\" width=\"495\" height=\"400\" srcset=\"https:\/\/tg-schierstein.de\/wp-content\/uploads\/2024\/09\/Wandern__15-09-2024__002-495x400.jpeg 495w, https:\/\/tg-schierstein.de\/wp-content\/uploads\/2024\/09\/Wandern__15-09-2024__002-845x684.jpeg 845w\" sizes=\"auto, (max-width: 495px) 100vw, 495px\" \/><\/a><\/p>\n","protected":false},"excerpt":{"rendered":"<p>Wir waren wieder wandern am Sonntag, den 15. September 2024. Unsere 3. Wanderung in diesem Jahr ging nach Wiesbaden Kloppenheim. Wir starteten per Bus um 9:30 Uhr in Schierstein und [&hellip;]<\/p>\n","protected":false},"author":1,"featured_media":10037,"comment_status":"closed","ping_status":"closed","sticky":false,"template":"","format":"standard","meta":{"_acf_changed":false,"footnotes":""},"categories":[12],"tags":[],"class_list":["post-10045","post","type-post","status-publish","format-standard","has-post-thumbnail","hentry","category-wandern"],"acf":[],"publishpress_future_action":{"enabled":false,"date":"2026-05-06 10:09:57","action":"change-status","newStatus":"draft","terms":[],"taxonomy":"category","extraData":[]},"publishpress_future_workflow_manual_trigger":{"enabledWorkflows":[]},"_links":{"self":[{"href":"https:\/\/tg-schierstein.de\/index.php?rest_route=\/wp\/v2\/posts\/10045","targetHints":{"allow":["GET"]}}],"collection":[{"href":"https:\/\/tg-schierstein.de\/index.php?rest_route=\/wp\/v2\/posts"}],"about":[{"href":"https:\/\/tg-schierstein.de\/index.php?rest_route=\/wp\/v2\/types\/post"}],"author":[{"embeddable":true,"href":"https:\/\/tg-schierstein.de\/index.php?rest_route=\/wp\/v2\/users\/1"}],"replies":[{"embeddable":true,"href":"https:\/\/tg-schierstein.de\/index.php?rest_route=%2Fwp%2Fv2%2Fcomments&post=10045"}],"version-history":[{"count":2,"href":"https:\/\/tg-schierstein.de\/index.php?rest_route=\/wp\/v2\/posts\/10045\/revisions"}],"predecessor-version":[{"id":10047,"href":"https:\/\/tg-schierstein.de\/index.php?rest_route=\/wp\/v2\/posts\/10045\/revisions\/10047"}],"wp:featuredmedia":[{"embeddable":true,"href":"https:\/\/tg-schierstein.de\/index.php?rest_route=\/wp\/v2\/media\/10037"}],"wp:attachment":[{"href":"https:\/\/tg-schierstein.de\/index.php?rest_route=%2Fwp%2Fv2%2Fmedia&parent=10045"}],"wp:term":[{"taxonomy":"category","embeddable":true,"href":"https:\/\/tg-schierstein.de\/index.php?rest_route=%2Fwp%2Fv2%2Fcategories&post=10045"},{"taxonomy":"post_tag","embeddable":true,"href":"https:\/\/tg-schierstein.de\/index.php?rest_route=%2Fwp%2Fv2%2Ftags&post=10045"}],"curies":[{"name":"wp","href":"https:\/\/api.w.org\/{rel}","templated":true}]}}